{"id":98263,"date":"2025-03-05T09:57:10","date_gmt":"2025-03-05T15:57:10","guid":{"rendered":"https:\/\/elmetropolitano.com.gt\/es\/?p=98263"},"modified":"2025-03-05T09:58:05","modified_gmt":"2025-03-05T15:58:05","slug":"el-civ-trabaja-sin-descanso-para-restablecer-la-movilidad-en-autopista-palin-escuintla","status":"publish","type":"post","link":"https:\/\/elmetropolitano.com.gt\/es\/el-civ-trabaja-sin-descanso-para-restablecer-la-movilidad-en-autopista-palin-escuintla\/","title":{"rendered":"El CIV trabaja sin descanso para restablecer la movilidad en autopista Pal\u00edn-Escuintla"},"content":{"rendered":"\n<p>El personal destacado en las labores de reconstrucci\u00f3n de la carretera entre Pal\u00edn y Escuintla trabaja durante las 24 horas del d\u00eda para restablecer el paso por esa importante v\u00eda lo m\u00e1s pronto posible, inform\u00f3 el Ministerio de Comunicaciones, Infraestructura y Vivienda (CIV).<\/p>\n\n\n\n<p>Por medio de un mensaje en los canales oficiales de sus redes sociales, el CIV public\u00f3:<\/p><div class=\"elmet-contenido\" id=\"elmet-1277557167\"><div class=\"elmet-adlabel\">Anuncios<\/div><div style=\"margin-top: 20px;margin-right: 20px;margin-bottom: 20px;margin-left: 20px;\" id=\"elmet-1762171348\"><a href=\"https:\/\/www.facebook.com\/arrincuanantigua\/\" aria-label=\"cintillo-arrin-cual\"><img loading=\"lazy\" decoding=\"async\" src=\"https:\/\/elmetropolitano.com.gt\/es\/wp-content\/uploads\/2021\/11\/cintillo-arrin-cual-1.jpg\" alt=\"\"  srcset=\"https:\/\/elmetropolitano.com.gt\/es\/wp-content\/uploads\/2021\/11\/cintillo-arrin-cual-1.jpg 750w, https:\/\/elmetropolitano.com.gt\/es\/wp-content\/uploads\/2021\/11\/cintillo-arrin-cual-1-300x36.jpg 300w, https:\/\/elmetropolitano.com.gt\/es\/wp-content\/uploads\/2021\/11\/cintillo-arrin-cual-1-600x72.jpg 600w\" sizes=\"(max-width: 750px) 100vw, 750px\" width=\"750\" height=\"90\"   \/><\/a><\/div><\/div>\n\n\n\n<p>En el CIV trabajamos las 24 horas con maquinaria y equipo especializado para restablecer la movilidad lo antes posible en la autopista Pal\u00edn-Escuintla.<\/p>\n\n\n\n<p>El mensaje agrega: Sabemos lo importante que es esta ruta, por eso seguimos adelante sin detenernos.&nbsp;&nbsp;<\/p>\n\n\n\n<p>Adem\u00e1s, el mensaje del Ministerio de Comunicaciones se\u00f1ala que el personal de esa cartera a cargo de la recuperaci\u00f3n de esa importante ruta trabaja incansablemente en la recuperaci\u00f3n del tramo.<\/p>\n\n\n\n<p>As\u00ed lo indica el mensaje en redes sociales:<\/p>\n\n\n\n<p>\u00a1Trabajamos sin descanso! El trabajo contin\u00faa en el km 44 para la recuperaci\u00f3n de la autopista Pal\u00edn-Escuintla.<\/p>\n\n\n\n<p>&nbsp;Asimismo, el CIV a\u00f1ade:<\/p>\n\n\n\n<p>Trabajamos sin descanso las 24 horas para restablecer la movilidad lo antes posible.<\/p>\n\n\n\n<p>Se mantiene cierre de la v\u00eda<\/p>\n\n\n\n<p>Las autoridades del CIV mantienen el cierre total del paso vehicular en esa ruta desde este martes a las 10.30 horas y permanecer\u00e1 cerrado hasta la 1.00 horas del pr\u00f3ximo viernes.<\/p>\n\n\n\n<p>Asimismo, en el tramo mencionado se necesita ejecutar labores con maquina especializada que obliga a un cierre temporal en ambos sentidos de la v\u00eda.<\/p>\n\n\n\n<p>Las labores que se llevan a cabo permitir\u00e1n que a partir del viernes se cuente con un nuevo carril. De este modo, se contar\u00e1 con dos carriles de Guatemala a Escuintla y un carril de Escuintla a Guatemala.<\/p>\n\n\n\n<p>El jueves 27 de febrero, el titular del CIV, Miguel \u00c1ngel D\u00edaz Bobadilla, comparti\u00f3 avances en los trabajos de reparaci\u00f3n que lleva a cabo en la autopista Pal\u00edn-Escuintla, la cual, asegur\u00f3, se habilitar\u00e1 antes de Semana Santa.<\/p>\n\n\n\n<p>El ministro asever\u00f3 que se encuentran trabajando en los kil\u00f3metros 39, 44 y 45 del mencionado tramo como parte de las labores de la \u00faltima fase para la rehabilitaci\u00f3n de esa importante carretera.<\/p>\n\n\n\n<p>Para facilitar la circulaci\u00f3n, agentes de la Direcci\u00f3n General de Protecci\u00f3n y Seguridad Vial (Provial) estar\u00e1n asistiendo a los conductores. Adem\u00e1s, se podr\u00e1 llamar al tel\u00e9fono 1520 para recibir orientaci\u00f3n y gu\u00eda sobre la ubicaci\u00f3n real.<\/p>\n\n\n\n<p>Tambi\u00e9n recomienda el CIV utilizar v\u00edas alternas para llegar a su destino, las cuales pueden consultarse haciendo clic aqu\u00ed.<\/p>\n\n\n\n<p>Con estas acciones se pone de manifiesto el compromiso de la cartera de Comunicaciones de habilitar la autopista Pal\u00edn-Escuintla antes de la Semana Santa.<\/p>\n\n\n\n<p>#civ #metroredes #elescuintleco #elescuintleconews <a href=\"http:\/\/www.elmetropolitano.com.gt\">www.elmetropolitano.com.gt<\/a> <a href=\"http:\/\/www.metroredes.com\">www.metroredes.com<\/a> <a href=\"http:\/\/www.elescuintleco.com\">www.elescuintleco.com<\/a><\/p>\n\n\n\n<figure class=\"wp-block-gallery has-nested-images columns-default is-cropped wp-block-gallery-1 is-layout-flex wp-block-gallery-is-layout-flex\">\n<figure class=\"wp-block-image size-large\"><img loading=\"lazy\" decoding=\"async\" width=\"1024\" height=\"512\" data-id=\"98264\" src=\"https:\/\/elmetropolitano.com.gt\/es\/wp-content\/uploads\/2025\/03\/TRABAJOS-KM-44-1140x570-1-1024x512.jpeg\" alt=\"\" class=\"wp-image-98264\" srcset=\"https:\/\/elmetropolitano.com.gt\/es\/wp-content\/uploads\/2025\/03\/TRABAJOS-KM-44-1140x570-1-1024x512.jpeg 1024w, https:\/\/elmetropolitano.com.gt\/es\/wp-content\/uploads\/2025\/03\/TRABAJOS-KM-44-1140x570-1-300x150.jpeg 300w, https:\/\/elmetropolitano.com.gt\/es\/wp-content\/uploads\/2025\/03\/TRABAJOS-KM-44-1140x570-1-768x384.jpeg 768w, https:\/\/elmetropolitano.com.gt\/es\/wp-content\/uploads\/2025\/03\/TRABAJOS-KM-44-1140x570-1.jpeg 1140w\" sizes=\"auto, (max-width: 1024px) 100vw, 1024px\" \/><\/figure>\n<\/figure>\n","protected":false},"excerpt":{"rendered":"<p>El personal destacado en las labores de reconstrucci\u00f3n de la carretera entre Pal\u00edn y Escuintla trabaja durante las 24 horas del d\u00eda para restablecer el paso por esa importante v\u00eda lo m\u00e1s pronto posible, inform\u00f3 el Ministerio de Comunicaciones, Infraestructura y Vivienda (CIV). Por medio de un mensaje en los canales oficiales de sus redes <a class=\"read-more\" href=\"https:\/\/elmetropolitano.com.gt\/es\/el-civ-trabaja-sin-descanso-para-restablecer-la-movilidad-en-autopista-palin-escuintla\/\">Leer m\u00e1s<\/a><\/p>\n","protected":false},"author":1,"featured_media":98266,"comment_status":"open","ping_status":"closed","sticky":false,"template":"","format":"standard","meta":{"footnotes":""},"categories":[4],"tags":[13],"class_list":["post-98263","post","type-post","status-publish","format-standard","has-post-thumbnail","hentry","category-departamentales","tag-departamentales"],"_links":{"self":[{"href":"https:\/\/elmetropolitano.com.gt\/es\/wp-json\/wp\/v2\/posts\/98263","targetHints":{"allow":["GET"]}}],"collection":[{"href":"https:\/\/elmetropolitano.com.gt\/es\/wp-json\/wp\/v2\/posts"}],"about":[{"href":"https:\/\/elmetropolitano.com.gt\/es\/wp-json\/wp\/v2\/types\/post"}],"author":[{"embeddable":true,"href":"https:\/\/elmetropolitano.com.gt\/es\/wp-json\/wp\/v2\/users\/1"}],"replies":[{"embeddable":true,"href":"https:\/\/elmetropolitano.com.gt\/es\/wp-json\/wp\/v2\/comments?post=98263"}],"version-history":[{"count":1,"href":"https:\/\/elmetropolitano.com.gt\/es\/wp-json\/wp\/v2\/posts\/98263\/revisions"}],"predecessor-version":[{"id":98265,"href":"https:\/\/elmetropolitano.com.gt\/es\/wp-json\/wp\/v2\/posts\/98263\/revisions\/98265"}],"wp:featuredmedia":[{"embeddable":true,"href":"https:\/\/elmetropolitano.com.gt\/es\/wp-json\/wp\/v2\/media\/98266"}],"wp:attachment":[{"href":"https:\/\/elmetropolitano.com.gt\/es\/wp-json\/wp\/v2\/media?parent=98263"}],"wp:term":[{"taxonomy":"category","embeddable":true,"href":"https:\/\/elmetropolitano.com.gt\/es\/wp-json\/wp\/v2\/categories?post=98263"},{"taxonomy":"post_tag","embeddable":true,"href":"https:\/\/elmetropolitano.com.gt\/es\/wp-json\/wp\/v2\/tags?post=98263"}],"curies":[{"name":"wp","href":"https:\/\/api.w.org\/{rel}","templated":true}]}}