{"id":98303,"date":"2025-03-05T14:33:37","date_gmt":"2025-03-05T20:33:37","guid":{"rendered":"https:\/\/elmetropolitano.com.gt\/es\/?p=98303"},"modified":"2025-03-05T14:33:37","modified_gmt":"2025-03-05T20:33:37","slug":"presidente-trump-defiende-ante-el-congreso-su-politica-migratoria-e-insiste-en-retomar-el-canal-de-panama","status":"publish","type":"post","link":"https:\/\/elmetropolitano.com.gt\/es\/presidente-trump-defiende-ante-el-congreso-su-politica-migratoria-e-insiste-en-retomar-el-canal-de-panama\/","title":{"rendered":"Presidente Trump defiende ante el Congreso su pol\u00edtica migratoria e insiste en retomar el Canal de Panam\u00e1"},"content":{"rendered":"\n<p>El presidente de EEUU, Donald Trump, destac\u00f3 ante el Congreso las medidas adoptadas en sus primeras semanas de gesti\u00f3n, especialmente en pol\u00edtica migratoria. Insisti\u00f3 en retomar el Canal de Panam\u00e1, elogi\u00f3 a Elon Musk, y dijo que Zelenskyy est\u00e1 listo para firmar el acuerdo sobre los minerales raros.<\/p>\n\n\n\n<p>El presidente de Estados Unidos, Donald Trump pronunci\u00f3 la noche del martes un discurso ante una sesi\u00f3n conjunta del Congreso de EEUU, 43 d\u00edas despu\u00e9s de jurar por segunda vez al cargo.<\/p><div class=\"elmet-contenido\" id=\"elmet-1748915018\"><div class=\"elmet-adlabel\">Anuncios<\/div><div style=\"margin-top: 20px;margin-right: 20px;margin-bottom: 20px;margin-left: 20px;\" id=\"elmet-3145142510\"><a href=\"https:\/\/www.facebook.com\/arrincuanantigua\/\" aria-label=\"cintillo-arrin-cual\"><img loading=\"lazy\" decoding=\"async\" src=\"https:\/\/elmetropolitano.com.gt\/es\/wp-content\/uploads\/2021\/11\/cintillo-arrin-cual-1.jpg\" alt=\"\"  srcset=\"https:\/\/elmetropolitano.com.gt\/es\/wp-content\/uploads\/2021\/11\/cintillo-arrin-cual-1.jpg 750w, https:\/\/elmetropolitano.com.gt\/es\/wp-content\/uploads\/2021\/11\/cintillo-arrin-cual-1-300x36.jpg 300w, https:\/\/elmetropolitano.com.gt\/es\/wp-content\/uploads\/2021\/11\/cintillo-arrin-cual-1-600x72.jpg 600w\" sizes=\"(max-width: 750px) 100vw, 750px\" width=\"750\" height=\"90\"   \/><\/a><\/div><\/div>\n\n\n\n<p>Tras una larga ovaci\u00f3n por parte de los republicanos, Trump empez\u00f3 su mensaje a la naci\u00f3n, de casi dos horas, a las 21:19 hora local de Washington.<\/p>\n\n\n\n<p>\u201cEstados Unidos est\u00e1 de vuelta\u201d, dijo al comenzar.<\/p>\n\n\n\n<p>Destac\u00f3 las \u00abacciones r\u00e1pidas e implacables\u00bb que realiz\u00f3 desde que asumi\u00f3 el cargo, cuando proclam\u00f3 \u00abel amanecer de la edad de oro de Estados Unidos\u00bb.<\/p>\n\n\n\n<p>\u00abHemos logrado m\u00e1s en 43 d\u00edas de lo que la mayor\u00eda de los gobiernos han logrado en 4 \u00f3 5 a\u00f1os y es tan s\u00f3lo el comienzo\u00bb, afirm\u00f3 para luego resaltar el triunfo que logr\u00f3 en las urnas.<\/p>\n\n\n\n<p>Mientras el presidente Trump avanzaba la primera parte de su discurso fue interrumpido por algunos representantes dem\u00f3cratas que llevaban carteles para protestar en su contra y desde la cabecera del Congreso hubo un llamado al orden y se invit\u00f3 a salir a Al Green, representante de Texas.<\/p>\n\n\n\n<p>Tras su expulsi\u00f3n por gritar repetidamente a Trump que \u201cno ten\u00eda mandato\u201d para recortar el seguro de salud Medicaid, Green hizo una parada sorpresa en la sala de prensa itinerante de la Casa Blanca y respondi\u00f3 algunas preguntas. \u00abVale la pena que la gente sepa que hay algunas personas que le van a plantar cara\u00bb a Trump, dijo Green. Agreg\u00f3 que no sab\u00eda si enfrentar\u00eda a alg\u00fan castigo formal por su protesta en la c\u00e1mara.<\/p>\n\n\n\n<p>\u00abMiro a los dem\u00f3cratas frente a m\u00ed y me doy cuenta de que no hay absolutamente nada que pueda decir para hacerlos felices o para hacerlos ponerse de pie o sonre\u00edr o aplaudir\u00bb, dijo Trump despu\u00e9s de la expulsi\u00f3n de Green.<\/p>\n\n\n\n<p>Texto y foto: La Voz de Am\u00e9rica<\/p>\n\n\n\n<p>#trump #canalpanama #metroredes <a href=\"http:\/\/www.elmetropolitano.com.gt\">www.elmetropolitano.com.gt<\/a> <a href=\"http:\/\/www.metroredes.com\">www.metroredes.com<\/a><\/p>\n","protected":false},"excerpt":{"rendered":"<p>El presidente de EEUU, Donald Trump, destac\u00f3 ante el Congreso las medidas adoptadas en sus primeras semanas de gesti\u00f3n, especialmente en pol\u00edtica migratoria. Insisti\u00f3 en retomar el Canal de Panam\u00e1, elogi\u00f3 a Elon Musk, y dijo que Zelenskyy est\u00e1 listo para firmar el acuerdo sobre los minerales raros. El presidente de Estados Unidos, Donald Trump <a class=\"read-more\" href=\"https:\/\/elmetropolitano.com.gt\/es\/presidente-trump-defiende-ante-el-congreso-su-politica-migratoria-e-insiste-en-retomar-el-canal-de-panama\/\">Leer m\u00e1s<\/a><\/p>\n","protected":false},"author":1,"featured_media":98304,"comment_status":"open","ping_status":"closed","sticky":false,"template":"","format":"standard","meta":{"footnotes":""},"categories":[14],"tags":[15],"class_list":["post-98303","post","type-post","status-publish","format-standard","has-post-thumbnail","hentry","category-internacionales","tag-internacionales"],"_links":{"self":[{"href":"https:\/\/elmetropolitano.com.gt\/es\/wp-json\/wp\/v2\/posts\/98303","targetHints":{"allow":["GET"]}}],"collection":[{"href":"https:\/\/elmetropolitano.com.gt\/es\/wp-json\/wp\/v2\/posts"}],"about":[{"href":"https:\/\/elmetropolitano.com.gt\/es\/wp-json\/wp\/v2\/types\/post"}],"author":[{"embeddable":true,"href":"https:\/\/elmetropolitano.com.gt\/es\/wp-json\/wp\/v2\/users\/1"}],"replies":[{"embeddable":true,"href":"https:\/\/elmetropolitano.com.gt\/es\/wp-json\/wp\/v2\/comments?post=98303"}],"version-history":[{"count":1,"href":"https:\/\/elmetropolitano.com.gt\/es\/wp-json\/wp\/v2\/posts\/98303\/revisions"}],"predecessor-version":[{"id":98305,"href":"https:\/\/elmetropolitano.com.gt\/es\/wp-json\/wp\/v2\/posts\/98303\/revisions\/98305"}],"wp:featuredmedia":[{"embeddable":true,"href":"https:\/\/elmetropolitano.com.gt\/es\/wp-json\/wp\/v2\/media\/98304"}],"wp:attachment":[{"href":"https:\/\/elmetropolitano.com.gt\/es\/wp-json\/wp\/v2\/media?parent=98303"}],"wp:term":[{"taxonomy":"category","embeddable":true,"href":"https:\/\/elmetropolitano.com.gt\/es\/wp-json\/wp\/v2\/categories?post=98303"},{"taxonomy":"post_tag","embeddable":true,"href":"https:\/\/elmetropolitano.com.gt\/es\/wp-json\/wp\/v2\/tags?post=98303"}],"curies":[{"name":"wp","href":"https:\/\/api.w.org\/{rel}","templated":true}]}}