{"id":98379,"date":"2025-03-07T09:14:26","date_gmt":"2025-03-07T15:14:26","guid":{"rendered":"https:\/\/elmetropolitano.com.gt\/es\/?p=98379"},"modified":"2025-03-07T09:14:27","modified_gmt":"2025-03-07T15:14:27","slug":"el-viernes-14-por-la-noche-se-cierra-el-paso-por-el-km-17-5-de-villa-nueva-hasta-el-lunes","status":"publish","type":"post","link":"https:\/\/elmetropolitano.com.gt\/es\/el-viernes-14-por-la-noche-se-cierra-el-paso-por-el-km-17-5-de-villa-nueva-hasta-el-lunes\/","title":{"rendered":"El viernes 14 por la noche se cierra el paso por el Km 17.5 de Villa Nueva hasta \u00e9l lunes"},"content":{"rendered":"\n<p>El Ministerio de Comunicaciones por medio de Covial avanza en la rehabilitaci\u00f3n del paso en el km 17.5 de la CA-9 Sur, ruta al Pac\u00edfico, Villa Nueva; ahora trabajaremos en la fase de instalaci\u00f3n de las vigas longitudinales de la superestructura del nuevo puente.<\/p>\n\n\n\n<p>Para poder realizarla, ser\u00e1 necesario utilizar gr\u00faas de gran tama\u00f1o y en consecuencia tener un espacio amplio y seguro de <a><\/a>maniobra, esto implica realizar un cierre total de acuerdo a la siguiente programaci\u00f3n:<\/p><div class=\"elmet-contenido\" id=\"elmet-465803325\"><div class=\"elmet-adlabel\">Anuncios<\/div><div style=\"margin-top: 20px;margin-right: 20px;margin-bottom: 20px;margin-left: 20px;\" id=\"elmet-1572068091\"><a href=\"https:\/\/www.facebook.com\/arrincuanantigua\/\" aria-label=\"cintillo-arrin-cual\"><img loading=\"lazy\" decoding=\"async\" src=\"https:\/\/elmetropolitano.com.gt\/es\/wp-content\/uploads\/2021\/11\/cintillo-arrin-cual-1.jpg\" alt=\"\"  srcset=\"https:\/\/elmetropolitano.com.gt\/es\/wp-content\/uploads\/2021\/11\/cintillo-arrin-cual-1.jpg 750w, https:\/\/elmetropolitano.com.gt\/es\/wp-content\/uploads\/2021\/11\/cintillo-arrin-cual-1-300x36.jpg 300w, https:\/\/elmetropolitano.com.gt\/es\/wp-content\/uploads\/2021\/11\/cintillo-arrin-cual-1-600x72.jpg 600w\" sizes=\"(max-width: 750px) 100vw, 750px\" width=\"750\" height=\"90\"   \/><\/a><\/div><\/div>\n\n\n\n<p>-Inicio del cierre vial: Viernes 14 de marzo desde las 10 de la noche.<\/p>\n\n\n\n<p>-Habilitaci\u00f3n del paso: lunes 17 de marzo a las 3 de la ma\u00f1ana.<\/p>\n\n\n\n<p>En caso de finalizar antes del tiempo previsto, se habilitar\u00e1 el paso inmediatamente indic\u00f3 el<\/p>\n\n\n\n<p>Ministerio de comunicaciones<\/p>\n\n\n\n<p>Agradecemos a las polic\u00edas de tr\u00e1nsito de los municipios vecinos y a PROVIAL por las coordinaciones que realizar\u00e1n para reducir el impacto vial en las rutas alternas expres\u00f3 el CIV en un comunicado de prensa<\/p>\n\n\n\n<p>Se solicita a los conductores seguir las indicaciones de los agentes para tomar las rutas alternas habilitadas desde este viernes por la noche.<\/p>\n\n\n\n<p><a href=\"https:\/\/www.facebook.com\/hashtag\/villanueva?__eep__=6&amp;__cft__[0]=AZUmOVEtHvEMfMMVLWS76kiorIdEcPDNz59mTIfFl813rjtufkp6dGMvw-NCCGNljroUtfDeDWCdoIvHBvcXA1qAIGXH_sYMKMyLYoK9dCscXKPIb83T0tHO9DOQfByWvjHD4L2pQvS8GHnmHmZCS15t29uU6RYBnOlVQozcdEKavXrqRYgiF1Xsr-2DYCBpTYM&amp;__tn__=*NK-R\">#VillaNueva<\/a><a href=\"https:\/\/www.facebook.com\/hashtag\/civ?__eep__=6&amp;__cft__[0]=AZUmOVEtHvEMfMMVLWS76kiorIdEcPDNz59mTIfFl813rjtufkp6dGMvw-NCCGNljroUtfDeDWCdoIvHBvcXA1qAIGXH_sYMKMyLYoK9dCscXKPIb83T0tHO9DOQfByWvjHD4L2pQvS8GHnmHmZCS15t29uU6RYBnOlVQozcdEKavXrqRYgiF1Xsr-2DYCBpTYM&amp;__tn__=*NK-R\">#Civ<\/a><a href=\"https:\/\/www.facebook.com\/hashtag\/covial?__eep__=6&amp;__cft__[0]=AZUmOVEtHvEMfMMVLWS76kiorIdEcPDNz59mTIfFl813rjtufkp6dGMvw-NCCGNljroUtfDeDWCdoIvHBvcXA1qAIGXH_sYMKMyLYoK9dCscXKPIb83T0tHO9DOQfByWvjHD4L2pQvS8GHnmHmZCS15t29uU6RYBnOlVQozcdEKavXrqRYgiF1Xsr-2DYCBpTYM&amp;__tn__=*NK-R\">#Covial<\/a><\/p>\n\n\n\n<figure class=\"wp-block-gallery has-nested-images columns-default is-cropped wp-block-gallery-1 is-layout-flex wp-block-gallery-is-layout-flex\">\n<figure class=\"wp-block-image size-large\"><img loading=\"lazy\" decoding=\"async\" width=\"567\" height=\"423\" data-id=\"98384\" src=\"https:\/\/elmetropolitano.com.gt\/es\/wp-content\/uploads\/2025\/03\/481970835_1162004305925651_8057025616035732509_n-1.jpg\" alt=\"\" class=\"wp-image-98384\" srcset=\"https:\/\/elmetropolitano.com.gt\/es\/wp-content\/uploads\/2025\/03\/481970835_1162004305925651_8057025616035732509_n-1.jpg 567w, https:\/\/elmetropolitano.com.gt\/es\/wp-content\/uploads\/2025\/03\/481970835_1162004305925651_8057025616035732509_n-1-300x224.jpg 300w\" sizes=\"auto, (max-width: 567px) 100vw, 567px\" \/><\/figure>\n\n\n\n<figure class=\"wp-block-image size-large\"><img loading=\"lazy\" decoding=\"async\" width=\"567\" height=\"423\" data-id=\"98381\" src=\"https:\/\/elmetropolitano.com.gt\/es\/wp-content\/uploads\/2025\/03\/481977624_1162004355925646_5462682999061921901_n.jpg\" alt=\"\" class=\"wp-image-98381\" srcset=\"https:\/\/elmetropolitano.com.gt\/es\/wp-content\/uploads\/2025\/03\/481977624_1162004355925646_5462682999061921901_n.jpg 567w, https:\/\/elmetropolitano.com.gt\/es\/wp-content\/uploads\/2025\/03\/481977624_1162004355925646_5462682999061921901_n-300x224.jpg 300w\" sizes=\"auto, (max-width: 567px) 100vw, 567px\" \/><\/figure>\n\n\n\n<figure class=\"wp-block-image size-large\"><img loading=\"lazy\" decoding=\"async\" width=\"567\" height=\"423\" data-id=\"98382\" src=\"https:\/\/elmetropolitano.com.gt\/es\/wp-content\/uploads\/2025\/03\/482002293_1162004359258979_6856015721698058820_n.jpg\" alt=\"\" class=\"wp-image-98382\" srcset=\"https:\/\/elmetropolitano.com.gt\/es\/wp-content\/uploads\/2025\/03\/482002293_1162004359258979_6856015721698058820_n.jpg 567w, https:\/\/elmetropolitano.com.gt\/es\/wp-content\/uploads\/2025\/03\/482002293_1162004359258979_6856015721698058820_n-300x224.jpg 300w\" sizes=\"auto, (max-width: 567px) 100vw, 567px\" \/><\/figure>\n\n\n\n<figure class=\"wp-block-image size-large\"><img loading=\"lazy\" decoding=\"async\" width=\"567\" height=\"423\" data-id=\"98383\" src=\"https:\/\/elmetropolitano.com.gt\/es\/wp-content\/uploads\/2025\/03\/482008570_1162004309258984_3501854950914380394_n.jpg\" alt=\"\" class=\"wp-image-98383\" srcset=\"https:\/\/elmetropolitano.com.gt\/es\/wp-content\/uploads\/2025\/03\/482008570_1162004309258984_3501854950914380394_n.jpg 567w, https:\/\/elmetropolitano.com.gt\/es\/wp-content\/uploads\/2025\/03\/482008570_1162004309258984_3501854950914380394_n-300x224.jpg 300w\" sizes=\"auto, (max-width: 567px) 100vw, 567px\" \/><\/figure>\n<\/figure>\n","protected":false},"excerpt":{"rendered":"<p>El Ministerio de Comunicaciones por medio de Covial avanza en la rehabilitaci\u00f3n del paso en el km 17.5 de la CA-9 Sur, ruta al Pac\u00edfico, Villa Nueva; ahora trabajaremos en la fase de instalaci\u00f3n de las vigas longitudinales de la superestructura del nuevo puente. Para poder realizarla, ser\u00e1 necesario utilizar gr\u00faas de gran tama\u00f1o y <a class=\"read-more\" href=\"https:\/\/elmetropolitano.com.gt\/es\/el-viernes-14-por-la-noche-se-cierra-el-paso-por-el-km-17-5-de-villa-nueva-hasta-el-lunes\/\">Leer m\u00e1s<\/a><\/p>\n","protected":false},"author":1,"featured_media":98380,"comment_status":"open","ping_status":"closed","sticky":false,"template":"","format":"standard","meta":{"footnotes":""},"categories":[3],"tags":[10],"class_list":["post-98379","post","type-post","status-publish","format-standard","has-post-thumbnail","hentry","category-locales","tag-locales"],"_links":{"self":[{"href":"https:\/\/elmetropolitano.com.gt\/es\/wp-json\/wp\/v2\/posts\/98379","targetHints":{"allow":["GET"]}}],"collection":[{"href":"https:\/\/elmetropolitano.com.gt\/es\/wp-json\/wp\/v2\/posts"}],"about":[{"href":"https:\/\/elmetropolitano.com.gt\/es\/wp-json\/wp\/v2\/types\/post"}],"author":[{"embeddable":true,"href":"https:\/\/elmetropolitano.com.gt\/es\/wp-json\/wp\/v2\/users\/1"}],"replies":[{"embeddable":true,"href":"https:\/\/elmetropolitano.com.gt\/es\/wp-json\/wp\/v2\/comments?post=98379"}],"version-history":[{"count":1,"href":"https:\/\/elmetropolitano.com.gt\/es\/wp-json\/wp\/v2\/posts\/98379\/revisions"}],"predecessor-version":[{"id":98385,"href":"https:\/\/elmetropolitano.com.gt\/es\/wp-json\/wp\/v2\/posts\/98379\/revisions\/98385"}],"wp:featuredmedia":[{"embeddable":true,"href":"https:\/\/elmetropolitano.com.gt\/es\/wp-json\/wp\/v2\/media\/98380"}],"wp:attachment":[{"href":"https:\/\/elmetropolitano.com.gt\/es\/wp-json\/wp\/v2\/media?parent=98379"}],"wp:term":[{"taxonomy":"category","embeddable":true,"href":"https:\/\/elmetropolitano.com.gt\/es\/wp-json\/wp\/v2\/categories?post=98379"},{"taxonomy":"post_tag","embeddable":true,"href":"https:\/\/elmetropolitano.com.gt\/es\/wp-json\/wp\/v2\/tags?post=98379"}],"curies":[{"name":"wp","href":"https:\/\/api.w.org\/{rel}","templated":true}]}}