{"id":98394,"date":"2025-03-07T09:28:24","date_gmt":"2025-03-07T15:28:24","guid":{"rendered":"https:\/\/elmetropolitano.com.gt\/es\/?p=98394"},"modified":"2025-03-07T09:28:24","modified_gmt":"2025-03-07T15:28:24","slug":"en-su-fase-final-la-rehabilitacion-de-la-autopista-palin-escuintla-que-manana-se-reabre","status":"publish","type":"post","link":"https:\/\/elmetropolitano.com.gt\/es\/en-su-fase-final-la-rehabilitacion-de-la-autopista-palin-escuintla-que-manana-se-reabre\/","title":{"rendered":"En su fase final la rehabilitaci\u00f3n de la autopista Pal\u00edn-Escuintla que ma\u00f1ana se reabre"},"content":{"rendered":"\n<p>La rehabilitaci\u00f3n de la autopista Pal\u00edn &#8211; Escuintla, en el kil\u00f3metro 44, avanza. En el primer d\u00eda en que se cerr\u00f3 el paso vehicular en el lugar la obra avanz\u00f3 en la nivelaci\u00f3n del terreno para lo que ser\u00e1n 2 carriles hacia Escuintla. Iniciaron la nivelaci\u00f3n en un carril hacia la capital y continuaron en la nivelaci\u00f3n de un carril m\u00e1s hacia la metr\u00f3poli.<\/p>\n\n\n\n<p>El cierre vehicular se mantuvo del <a><\/a>martes 4 de marzo a las 10:30 de la ma\u00f1ana, y se habilitara el paso nuevamente ma\u00f1ana a la 1 de la madrugada.<\/p><div class=\"elmet-contenido\" id=\"elmet-3738188375\"><div class=\"elmet-adlabel\">Anuncios<\/div><div style=\"margin-top: 20px;margin-right: 20px;margin-bottom: 20px;margin-left: 20px;\" id=\"elmet-710456419\"><a href=\"https:\/\/www.facebook.com\/arrincuanantigua\/\" aria-label=\"cintillo-arrin-cual\"><img loading=\"lazy\" decoding=\"async\" src=\"https:\/\/elmetropolitano.com.gt\/es\/wp-content\/uploads\/2021\/11\/cintillo-arrin-cual-1.jpg\" alt=\"\"  srcset=\"https:\/\/elmetropolitano.com.gt\/es\/wp-content\/uploads\/2021\/11\/cintillo-arrin-cual-1.jpg 750w, https:\/\/elmetropolitano.com.gt\/es\/wp-content\/uploads\/2021\/11\/cintillo-arrin-cual-1-300x36.jpg 300w, https:\/\/elmetropolitano.com.gt\/es\/wp-content\/uploads\/2021\/11\/cintillo-arrin-cual-1-600x72.jpg 600w\" sizes=\"(max-width: 750px) 100vw, 750px\" width=\"750\" height=\"90\"   \/><\/a><\/div><\/div>\n\n\n\n<p>\u201cSe ha logrado avanzar en un 75% de los trabajos y esperamos agilizar la obra ahora con el cierre\u201d, seg\u00fan explic\u00f3 el ministro de Comunicaciones, Infraestructura y Vivienda, Miguel \u00c1ngel D\u00edaz Bobadilla.<\/p>\n\n\n\n<p>De acuerdo a lo planificado, los pr\u00f3ximos pasos es la colocaci\u00f3n de las primeras capas del pavimento, previo al asfaltado de los 2 carriles hacia Escuintla y la nivelaci\u00f3n por completo la totalidad de los carriles.<\/p>\n\n\n\n<p>Con esos trabajos, seg\u00fan la Ingeniera Maribel Ixquiac, de la Direcci\u00f3n General de Caminos, del Ministerio de Comunicaciones, Infraestructura y Vivienda (CIV), se prev\u00e9 entregar a la poblacion una carretera conformada por: 4 carriles: 2 hacia la capital y 2 hacia Escuintla, arriate central, sobrecarril, cunetas, defensas met\u00e1licas, desv\u00edo de agua y la conformaci\u00f3n de taludes.<\/p>\n\n\n\n<p><a href=\"https:\/\/www.facebook.com\/hashtag\/autopistapalinescuintla?__eep__=6&amp;__cft__[0]=AZVfkj7n9r3H718Y_qqzXK8vWYFTKe8RoHQImHFqCCTzGqQl95KCBf-EWQE7szt7prGm5v95jimm2xNyD8WlDSOuJ8ZvxT6pEd6WEbhuvxC9Fm_9gvIzVXHi0FrEi0wq4jh2ChMh-xEzjzlKWdY2pIbi1XBCL0PfuRoZ5zvDyR2yy6GRtIlBix17JkjkmBsG_Eg&amp;__tn__=*NK-R\">#autopistapalinescuintla<\/a><a href=\"https:\/\/www.facebook.com\/hashtag\/civ?__eep__=6&amp;__cft__[0]=AZVfkj7n9r3H718Y_qqzXK8vWYFTKe8RoHQImHFqCCTzGqQl95KCBf-EWQE7szt7prGm5v95jimm2xNyD8WlDSOuJ8ZvxT6pEd6WEbhuvxC9Fm_9gvIzVXHi0FrEi0wq4jh2ChMh-xEzjzlKWdY2pIbi1XBCL0PfuRoZ5zvDyR2yy6GRtIlBix17JkjkmBsG_Eg&amp;__tn__=*NK-R\">#Civ<\/a><a href=\"https:\/\/www.facebook.com\/hashtag\/metroredes?__eep__=6&amp;__cft__[0]=AZVfkj7n9r3H718Y_qqzXK8vWYFTKe8RoHQImHFqCCTzGqQl95KCBf-EWQE7szt7prGm5v95jimm2xNyD8WlDSOuJ8ZvxT6pEd6WEbhuvxC9Fm_9gvIzVXHi0FrEi0wq4jh2ChMh-xEzjzlKWdY2pIbi1XBCL0PfuRoZ5zvDyR2yy6GRtIlBix17JkjkmBsG_Eg&amp;__tn__=*NK-R\">#metroredes<\/a><\/p>\n\n\n\n<figure class=\"wp-block-gallery has-nested-images columns-default is-cropped wp-block-gallery-1 is-layout-flex wp-block-gallery-is-layout-flex\">\n<figure class=\"wp-block-image size-large\"><img loading=\"lazy\" decoding=\"async\" width=\"768\" height=\"1024\" data-id=\"98400\" src=\"https:\/\/elmetropolitano.com.gt\/es\/wp-content\/uploads\/2025\/03\/481669081_1162130282579720_814274222676563087_n-768x1024.jpg\" alt=\"\" class=\"wp-image-98400\" srcset=\"https:\/\/elmetropolitano.com.gt\/es\/wp-content\/uploads\/2025\/03\/481669081_1162130282579720_814274222676563087_n-768x1024.jpg 768w, https:\/\/elmetropolitano.com.gt\/es\/wp-content\/uploads\/2025\/03\/481669081_1162130282579720_814274222676563087_n-225x300.jpg 225w, https:\/\/elmetropolitano.com.gt\/es\/wp-content\/uploads\/2025\/03\/481669081_1162130282579720_814274222676563087_n.jpg 960w\" sizes=\"auto, (max-width: 768px) 100vw, 768px\" \/><\/figure>\n\n\n\n<figure class=\"wp-block-image size-large\"><img loading=\"lazy\" decoding=\"async\" width=\"1024\" height=\"682\" data-id=\"98396\" src=\"https:\/\/elmetropolitano.com.gt\/es\/wp-content\/uploads\/2025\/03\/481827094_1162130339246381_5259909430703405068_n-1024x682.jpg\" alt=\"\" class=\"wp-image-98396\" srcset=\"https:\/\/elmetropolitano.com.gt\/es\/wp-content\/uploads\/2025\/03\/481827094_1162130339246381_5259909430703405068_n-1024x682.jpg 1024w, https:\/\/elmetropolitano.com.gt\/es\/wp-content\/uploads\/2025\/03\/481827094_1162130339246381_5259909430703405068_n-300x200.jpg 300w, https:\/\/elmetropolitano.com.gt\/es\/wp-content\/uploads\/2025\/03\/481827094_1162130339246381_5259909430703405068_n-768x512.jpg 768w, https:\/\/elmetropolitano.com.gt\/es\/wp-content\/uploads\/2025\/03\/481827094_1162130339246381_5259909430703405068_n.jpg 1280w\" sizes=\"auto, (max-width: 1024px) 100vw, 1024px\" \/><\/figure>\n\n\n\n<figure class=\"wp-block-image size-large\"><img loading=\"lazy\" decoding=\"async\" width=\"1024\" height=\"682\" data-id=\"98398\" src=\"https:\/\/elmetropolitano.com.gt\/es\/wp-content\/uploads\/2025\/03\/481912112_1162130332579715_8582617412014559915_n-1024x682.jpg\" alt=\"\" class=\"wp-image-98398\" srcset=\"https:\/\/elmetropolitano.com.gt\/es\/wp-content\/uploads\/2025\/03\/481912112_1162130332579715_8582617412014559915_n-1024x682.jpg 1024w, https:\/\/elmetropolitano.com.gt\/es\/wp-content\/uploads\/2025\/03\/481912112_1162130332579715_8582617412014559915_n-300x200.jpg 300w, https:\/\/elmetropolitano.com.gt\/es\/wp-content\/uploads\/2025\/03\/481912112_1162130332579715_8582617412014559915_n-768x512.jpg 768w, https:\/\/elmetropolitano.com.gt\/es\/wp-content\/uploads\/2025\/03\/481912112_1162130332579715_8582617412014559915_n.jpg 1280w\" sizes=\"auto, (max-width: 1024px) 100vw, 1024px\" \/><\/figure>\n\n\n\n<figure class=\"wp-block-image size-large\"><img loading=\"lazy\" decoding=\"async\" width=\"1024\" height=\"682\" data-id=\"98397\" src=\"https:\/\/elmetropolitano.com.gt\/es\/wp-content\/uploads\/2025\/03\/481971808_1162130275913054_68209643165311580_n-1024x682.jpg\" alt=\"\" class=\"wp-image-98397\" srcset=\"https:\/\/elmetropolitano.com.gt\/es\/wp-content\/uploads\/2025\/03\/481971808_1162130275913054_68209643165311580_n-1024x682.jpg 1024w, https:\/\/elmetropolitano.com.gt\/es\/wp-content\/uploads\/2025\/03\/481971808_1162130275913054_68209643165311580_n-300x200.jpg 300w, https:\/\/elmetropolitano.com.gt\/es\/wp-content\/uploads\/2025\/03\/481971808_1162130275913054_68209643165311580_n-768x512.jpg 768w, https:\/\/elmetropolitano.com.gt\/es\/wp-content\/uploads\/2025\/03\/481971808_1162130275913054_68209643165311580_n.jpg 1280w\" sizes=\"auto, (max-width: 1024px) 100vw, 1024px\" \/><\/figure>\n\n\n\n<figure class=\"wp-block-image size-large\"><img loading=\"lazy\" decoding=\"async\" width=\"1024\" height=\"682\" data-id=\"98401\" src=\"https:\/\/elmetropolitano.com.gt\/es\/wp-content\/uploads\/2025\/03\/482016434_1162130399246375_5122660795548193556_n-1024x682.jpg\" alt=\"\" class=\"wp-image-98401\" srcset=\"https:\/\/elmetropolitano.com.gt\/es\/wp-content\/uploads\/2025\/03\/482016434_1162130399246375_5122660795548193556_n-1024x682.jpg 1024w, https:\/\/elmetropolitano.com.gt\/es\/wp-content\/uploads\/2025\/03\/482016434_1162130399246375_5122660795548193556_n-300x200.jpg 300w, https:\/\/elmetropolitano.com.gt\/es\/wp-content\/uploads\/2025\/03\/482016434_1162130399246375_5122660795548193556_n-768x512.jpg 768w, https:\/\/elmetropolitano.com.gt\/es\/wp-content\/uploads\/2025\/03\/482016434_1162130399246375_5122660795548193556_n.jpg 1280w\" sizes=\"auto, (max-width: 1024px) 100vw, 1024px\" \/><\/figure>\n\n\n\n<figure class=\"wp-block-image size-large\"><img loading=\"lazy\" decoding=\"async\" width=\"1024\" height=\"682\" data-id=\"98399\" src=\"https:\/\/elmetropolitano.com.gt\/es\/wp-content\/uploads\/2025\/03\/482028927_1162130352579713_4487279966789877575_n-1-1024x682.jpg\" alt=\"\" class=\"wp-image-98399\" srcset=\"https:\/\/elmetropolitano.com.gt\/es\/wp-content\/uploads\/2025\/03\/482028927_1162130352579713_4487279966789877575_n-1-1024x682.jpg 1024w, https:\/\/elmetropolitano.com.gt\/es\/wp-content\/uploads\/2025\/03\/482028927_1162130352579713_4487279966789877575_n-1-300x200.jpg 300w, https:\/\/elmetropolitano.com.gt\/es\/wp-content\/uploads\/2025\/03\/482028927_1162130352579713_4487279966789877575_n-1-768x512.jpg 768w, https:\/\/elmetropolitano.com.gt\/es\/wp-content\/uploads\/2025\/03\/482028927_1162130352579713_4487279966789877575_n-1.jpg 1280w\" sizes=\"auto, (max-width: 1024px) 100vw, 1024px\" \/><\/figure>\n<\/figure>\n","protected":false},"excerpt":{"rendered":"<p>La rehabilitaci\u00f3n de la autopista Pal\u00edn &#8211; Escuintla, en el kil\u00f3metro 44, avanza. En el primer d\u00eda en que se cerr\u00f3 el paso vehicular en el lugar la obra avanz\u00f3 en la nivelaci\u00f3n del terreno para lo que ser\u00e1n 2 carriles hacia Escuintla. Iniciaron la nivelaci\u00f3n en un carril hacia la capital y continuaron en <a class=\"read-more\" href=\"https:\/\/elmetropolitano.com.gt\/es\/en-su-fase-final-la-rehabilitacion-de-la-autopista-palin-escuintla-que-manana-se-reabre\/\">Leer m\u00e1s<\/a><\/p>\n","protected":false},"author":1,"featured_media":98395,"comment_status":"open","ping_status":"closed","sticky":false,"template":"","format":"standard","meta":{"footnotes":""},"categories":[4],"tags":[13],"class_list":["post-98394","post","type-post","status-publish","format-standard","has-post-thumbnail","hentry","category-departamentales","tag-departamentales"],"_links":{"self":[{"href":"https:\/\/elmetropolitano.com.gt\/es\/wp-json\/wp\/v2\/posts\/98394","targetHints":{"allow":["GET"]}}],"collection":[{"href":"https:\/\/elmetropolitano.com.gt\/es\/wp-json\/wp\/v2\/posts"}],"about":[{"href":"https:\/\/elmetropolitano.com.gt\/es\/wp-json\/wp\/v2\/types\/post"}],"author":[{"embeddable":true,"href":"https:\/\/elmetropolitano.com.gt\/es\/wp-json\/wp\/v2\/users\/1"}],"replies":[{"embeddable":true,"href":"https:\/\/elmetropolitano.com.gt\/es\/wp-json\/wp\/v2\/comments?post=98394"}],"version-history":[{"count":1,"href":"https:\/\/elmetropolitano.com.gt\/es\/wp-json\/wp\/v2\/posts\/98394\/revisions"}],"predecessor-version":[{"id":98402,"href":"https:\/\/elmetropolitano.com.gt\/es\/wp-json\/wp\/v2\/posts\/98394\/revisions\/98402"}],"wp:featuredmedia":[{"embeddable":true,"href":"https:\/\/elmetropolitano.com.gt\/es\/wp-json\/wp\/v2\/media\/98395"}],"wp:attachment":[{"href":"https:\/\/elmetropolitano.com.gt\/es\/wp-json\/wp\/v2\/media?parent=98394"}],"wp:term":[{"taxonomy":"category","embeddable":true,"href":"https:\/\/elmetropolitano.com.gt\/es\/wp-json\/wp\/v2\/categories?post=98394"},{"taxonomy":"post_tag","embeddable":true,"href":"https:\/\/elmetropolitano.com.gt\/es\/wp-json\/wp\/v2\/tags?post=98394"}],"curies":[{"name":"wp","href":"https:\/\/api.w.org\/{rel}","templated":true}]}}