{"id":98556,"date":"2025-03-09T15:06:42","date_gmt":"2025-03-09T21:06:42","guid":{"rendered":"https:\/\/elmetropolitano.com.gt\/es\/?p=98556"},"modified":"2025-03-09T15:06:42","modified_gmt":"2025-03-09T21:06:42","slug":"centrarse-lanzo-su-programa-desarrollo-con-rostro-de-mujer","status":"publish","type":"post","link":"https:\/\/elmetropolitano.com.gt\/es\/centrarse-lanzo-su-programa-desarrollo-con-rostro-de-mujer\/","title":{"rendered":"CentraRSE lanz\u00f3 su programa \u00abDesarrollo con Rostro de Mujer\u00bb"},"content":{"rendered":"\n<p>En conmemoraci\u00f3n del D\u00eda Internacional de la Mujer, CentraRSE celebr\u00f3 el lanzamiento de las actividades del Programa Desarrollo con rostro de mujer para el a\u00f1o 2025 y espec\u00edficamente del Foro \u201cEmpoderamiento que Transforma: Mujeres, Innovaci\u00f3n y Sostenibilidadun espacio dedicado a visibilizar el papel transformador del liderazgo femenino en la innovaci\u00f3n y sostenibilidad empresarial .<\/p>\n\n\n\n<p>Actualmente, las mujeres en <a><\/a>Guatemala est\u00e1n liderando cambios relevantes en el \u00e1mbito empresarial, no solo dentro de sus organizaciones, sino tambi\u00e9n en sectores tradicionalmente masculinizados como la industria, la construcci\u00f3n y la energ\u00eda. Su participaci\u00f3n ha contribuido a impulsar modelos de negocio m\u00e1s sostenibles, responsables e innovadores, posicion\u00e1ndolas como piezas clave para el crecimiento del pa\u00eds.<\/p><div class=\"elmet-contenido\" id=\"elmet-1824480831\"><div class=\"elmet-adlabel\">Anuncios<\/div><div style=\"margin-top: 20px;margin-right: 20px;margin-bottom: 20px;margin-left: 20px;\" id=\"elmet-3822233434\"><a href=\"https:\/\/www.facebook.com\/arrincuanantigua\/\" aria-label=\"cintillo-arrin-cual\"><img loading=\"lazy\" decoding=\"async\" src=\"https:\/\/elmetropolitano.com.gt\/es\/wp-content\/uploads\/2021\/11\/cintillo-arrin-cual-1.jpg\" alt=\"\"  srcset=\"https:\/\/elmetropolitano.com.gt\/es\/wp-content\/uploads\/2021\/11\/cintillo-arrin-cual-1.jpg 750w, https:\/\/elmetropolitano.com.gt\/es\/wp-content\/uploads\/2021\/11\/cintillo-arrin-cual-1-300x36.jpg 300w, https:\/\/elmetropolitano.com.gt\/es\/wp-content\/uploads\/2021\/11\/cintillo-arrin-cual-1-600x72.jpg 600w\" sizes=\"(max-width: 750px) 100vw, 750px\" width=\"750\" height=\"90\"   \/><\/a><\/div><\/div>\n\n\n\n<p>Con el objetivo de inspirar un cambio real de la manera en que las empresas integran el liderazgo femenino en su visi\u00f3n de sostenibilidad, desde hace tres a\u00f1os el programa \u201cDesarrollo con Rostro de mujer\u201d dise\u00f1ado y ejecutado por Centrarse, busca fomentar un sector empresarial en Guatemala comprometido con la reducci\u00f3n de las brechas de desigualdad de g\u00e9nero, impulsando la formaci\u00f3n, capacitaci\u00f3n y acceso equitativo a espacios de toma de decisiones en empresas, c\u00e1maras, y entidades estatales, garantizando la representatividad y participaci\u00f3n inclusiva.<\/p>\n\n\n\n<p>Tomando como marco el programa Desarrollo con rostro de mujer se celebrar\u00e1 el 3 de abril el Foro \u201cEmpoderamiento que transforma: mujeres, innovaci\u00f3n y sostenibilidad\u201d en el cual participar\u00e1n mujeres y hombres que desde sus espacios ya sea empresariales, institucionales o en la sociedad civil est\u00e1n impulsando el empoderamiento econ\u00f3mico y la equidad de g\u00e9nero, y a la vez se realizar\u00e1 una visita de campo a una empresa que est\u00e1 implementando en campo dichas pr\u00e1cticas.<\/p>\n\n\n\n<p>Como actividades complementarias durante el segundo semestre, el programa incluir\u00e1 el desarrollo de una mesa de trabajo con empresas socias de Centrarse para dar a conocer metodolog\u00edas de trabajo y un seminario de capacitaci\u00f3n de alto nivel que promover\u00e1 la medici\u00f3n de las pr\u00e1cticas de inclusi\u00f3n que las empresas deben ejecutar para promover el tema a lo interno y externo de la empresa como una ventaja competitiva para los diversos sectores en los que opera.<\/p>\n\n\n\n<p>Empresas como Walmart de M\u00e9xico y Centroam\u00e9rica, Ambev, BAC, CCK de Centroam\u00e9rica e Ingenio la Uni\u00f3n se han sumado a ser parte del programa durante el a\u00f1o 2025 y se espera que m\u00e1s empresas se unan a las diversas actividades que se desarrollar\u00e1n durante el a\u00f1o y en las cuales se compartir\u00e1n las experiencias y los resultados positivos que han obtenido a partir de la implementaci\u00f3n de proyectos enfocados en la equidad de g\u00e9nero y el empoderamiento econ\u00f3mico de la mujer, destac\u00e1ndose como referentes en la adopci\u00f3n de pol\u00edticas de equidad y diversidad.<\/p>\n\n\n\n<p>Estas acciones forman parte de un esfuerzo liderado por CentraRSE, quien lleva varios a\u00f1os impulsando iniciativas como la mesa de trabajo Acci\u00f3n Mujer, la alianza Inclusi\u00f3n en Acci\u00f3n y espacios de formaci\u00f3n especializados para apoyar a empresas en la creaci\u00f3n de estrategias efectivas. Reafirmando as\u00ed, su compromiso con contribuir a la construcci\u00f3n de un entorno empresarial m\u00e1s justo, \u00e9tico y sostenible, donde el empoderamiento econ\u00f3mico de las mujeres sea reconocido como un motor clave para la competitividad, la innovaci\u00f3n y el desarrollo del pa\u00eds.<\/p>\n\n\n\n<p><a href=\"https:\/\/www.facebook.com\/hashtag\/centrarse?__eep__=6&amp;__cft__[0]=AZWQN69I6_dUUE8uSb2p5ljozTat9d9v8a02BKuhFXHRbArSCEMgPNkiNLBynE8CHjxEoSSiwRrh4StDdP7vLIDMxngl3uKVC6arCdYJWZf8eYt-IpQA47_2zEX5JpL-zWgq31C-j6wAVd0wGr6QA7WlEk5WYCTqw4jKrcTAoLKj7J7CDGRBlJRlSPvjGoy5fwI&amp;__tn__=*NK-R\">#CentraRSE<\/a><a href=\"https:\/\/www.facebook.com\/hashtag\/mujeres?__eep__=6&amp;__cft__[0]=AZWQN69I6_dUUE8uSb2p5ljozTat9d9v8a02BKuhFXHRbArSCEMgPNkiNLBynE8CHjxEoSSiwRrh4StDdP7vLIDMxngl3uKVC6arCdYJWZf8eYt-IpQA47_2zEX5JpL-zWgq31C-j6wAVd0wGr6QA7WlEk5WYCTqw4jKrcTAoLKj7J7CDGRBlJRlSPvjGoy5fwI&amp;__tn__=*NK-R\">#Mujeres<\/a><a href=\"https:\/\/www.facebook.com\/hashtag\/metroredes?__eep__=6&amp;__cft__[0]=AZWQN69I6_dUUE8uSb2p5ljozTat9d9v8a02BKuhFXHRbArSCEMgPNkiNLBynE8CHjxEoSSiwRrh4StDdP7vLIDMxngl3uKVC6arCdYJWZf8eYt-IpQA47_2zEX5JpL-zWgq31C-j6wAVd0wGr6QA7WlEk5WYCTqw4jKrcTAoLKj7J7CDGRBlJRlSPvjGoy5fwI&amp;__tn__=*NK-R\">#metroredes<\/a><\/p>\n\n\n\n<figure class=\"wp-block-gallery has-nested-images columns-default is-cropped wp-block-gallery-1 is-layout-flex wp-block-gallery-is-layout-flex\">\n<figure class=\"wp-block-image size-large\"><img loading=\"lazy\" decoding=\"async\" width=\"1024\" height=\"462\" data-id=\"98558\" src=\"https:\/\/elmetropolitano.com.gt\/es\/wp-content\/uploads\/2025\/03\/482024998_1164508129008602_8917476704741507654_n-1-1024x462.jpg\" alt=\"\" class=\"wp-image-98558\" srcset=\"https:\/\/elmetropolitano.com.gt\/es\/wp-content\/uploads\/2025\/03\/482024998_1164508129008602_8917476704741507654_n-1-1024x462.jpg 1024w, https:\/\/elmetropolitano.com.gt\/es\/wp-content\/uploads\/2025\/03\/482024998_1164508129008602_8917476704741507654_n-1-300x135.jpg 300w, https:\/\/elmetropolitano.com.gt\/es\/wp-content\/uploads\/2025\/03\/482024998_1164508129008602_8917476704741507654_n-1-768x346.jpg 768w, https:\/\/elmetropolitano.com.gt\/es\/wp-content\/uploads\/2025\/03\/482024998_1164508129008602_8917476704741507654_n-1.jpg 1419w\" sizes=\"auto, (max-width: 1024px) 100vw, 1024px\" \/><\/figure>\n\n\n\n<figure class=\"wp-block-image size-large\"><img loading=\"lazy\" decoding=\"async\" width=\"1024\" height=\"768\" data-id=\"98559\" src=\"https:\/\/elmetropolitano.com.gt\/es\/wp-content\/uploads\/2025\/03\/482031296_1164509035675178_4164110112631830288_n-1024x768.jpg\" alt=\"\" class=\"wp-image-98559\" srcset=\"https:\/\/elmetropolitano.com.gt\/es\/wp-content\/uploads\/2025\/03\/482031296_1164509035675178_4164110112631830288_n-1024x768.jpg 1024w, https:\/\/elmetropolitano.com.gt\/es\/wp-content\/uploads\/2025\/03\/482031296_1164509035675178_4164110112631830288_n-300x225.jpg 300w, https:\/\/elmetropolitano.com.gt\/es\/wp-content\/uploads\/2025\/03\/482031296_1164509035675178_4164110112631830288_n-768x576.jpg 768w, https:\/\/elmetropolitano.com.gt\/es\/wp-content\/uploads\/2025\/03\/482031296_1164509035675178_4164110112631830288_n-1536x1152.jpg 1536w, https:\/\/elmetropolitano.com.gt\/es\/wp-content\/uploads\/2025\/03\/482031296_1164509035675178_4164110112631830288_n.jpg 1600w\" sizes=\"auto, (max-width: 1024px) 100vw, 1024px\" \/><\/figure>\n<\/figure>\n","protected":false},"excerpt":{"rendered":"<p>En conmemoraci\u00f3n del D\u00eda Internacional de la Mujer, CentraRSE celebr\u00f3 el lanzamiento de las actividades del Programa Desarrollo con rostro de mujer para el a\u00f1o 2025 y espec\u00edficamente del Foro \u201cEmpoderamiento que Transforma: Mujeres, Innovaci\u00f3n y Sostenibilidadun espacio dedicado a visibilizar el papel transformador del liderazgo femenino en la innovaci\u00f3n y sostenibilidad empresarial . Actualmente, <a class=\"read-more\" href=\"https:\/\/elmetropolitano.com.gt\/es\/centrarse-lanzo-su-programa-desarrollo-con-rostro-de-mujer\/\">Leer m\u00e1s<\/a><\/p>\n","protected":false},"author":1,"featured_media":98557,"comment_status":"open","ping_status":"closed","sticky":false,"template":"","format":"standard","meta":{"footnotes":""},"categories":[31],"tags":[32],"class_list":["post-98556","post","type-post","status-publish","format-standard","has-post-thumbnail","hentry","category-metroimpulso","tag-metroimpulso"],"_links":{"self":[{"href":"https:\/\/elmetropolitano.com.gt\/es\/wp-json\/wp\/v2\/posts\/98556","targetHints":{"allow":["GET"]}}],"collection":[{"href":"https:\/\/elmetropolitano.com.gt\/es\/wp-json\/wp\/v2\/posts"}],"about":[{"href":"https:\/\/elmetropolitano.com.gt\/es\/wp-json\/wp\/v2\/types\/post"}],"author":[{"embeddable":true,"href":"https:\/\/elmetropolitano.com.gt\/es\/wp-json\/wp\/v2\/users\/1"}],"replies":[{"embeddable":true,"href":"https:\/\/elmetropolitano.com.gt\/es\/wp-json\/wp\/v2\/comments?post=98556"}],"version-history":[{"count":1,"href":"https:\/\/elmetropolitano.com.gt\/es\/wp-json\/wp\/v2\/posts\/98556\/revisions"}],"predecessor-version":[{"id":98560,"href":"https:\/\/elmetropolitano.com.gt\/es\/wp-json\/wp\/v2\/posts\/98556\/revisions\/98560"}],"wp:featuredmedia":[{"embeddable":true,"href":"https:\/\/elmetropolitano.com.gt\/es\/wp-json\/wp\/v2\/media\/98557"}],"wp:attachment":[{"href":"https:\/\/elmetropolitano.com.gt\/es\/wp-json\/wp\/v2\/media?parent=98556"}],"wp:term":[{"taxonomy":"category","embeddable":true,"href":"https:\/\/elmetropolitano.com.gt\/es\/wp-json\/wp\/v2\/categories?post=98556"},{"taxonomy":"post_tag","embeddable":true,"href":"https:\/\/elmetropolitano.com.gt\/es\/wp-json\/wp\/v2\/tags?post=98556"}],"curies":[{"name":"wp","href":"https:\/\/api.w.org\/{rel}","templated":true}]}}