{"id":98570,"date":"2025-03-09T19:46:24","date_gmt":"2025-03-10T01:46:24","guid":{"rendered":"https:\/\/elmetropolitano.com.gt\/es\/?p=98570"},"modified":"2025-03-09T19:46:24","modified_gmt":"2025-03-10T01:46:24","slug":"trump-nombra-la-mayor-amenaza-para-la-humanidad","status":"publish","type":"post","link":"https:\/\/elmetropolitano.com.gt\/es\/trump-nombra-la-mayor-amenaza-para-la-humanidad\/","title":{"rendered":"Trump nombra la \u00abmayor amenaza\u00bb para la humanidad"},"content":{"rendered":"\n<p>El presidente de Estados Unidos, Donald Trump, afirm\u00f3 que las armas nucleares representan la mayor amenaza para la humanidad. En una entrevista con Fox News el domingo, Trump conden\u00f3 los \u00ablun\u00e1ticos del clima\u00bb que predicen aumentos m\u00ednimos en el nivel del mar a lo largo de los siglos, mientras ignoran el inminente peligro de una guerra nuclear, que \u00abpodr\u00eda ocurrir ma\u00f1ana\u00bb.<\/p>\n\n\n\n<p>\u00abHablan del calentamiento global y dicen que el oc\u00e9ano va a subir un octavo de pulgada en los pr\u00f3ximos 300 a\u00f1os. Y nadie habla nunca de las armas nucleares\u00bb, expres\u00f3. En este contexto, Trump destac\u00f3 que los pa\u00edses invierten enormes sumas en mantener arsenales nucleares, cuyo nivel de destrucci\u00f3n va \u00abm\u00e1s all\u00e1 de cualquier cosa que pueda imaginar\u00bb.<\/p><div class=\"elmet-contenido\" id=\"elmet-1033580748\"><div class=\"elmet-adlabel\">Anuncios<\/div><div style=\"margin-top: 20px;margin-right: 20px;margin-bottom: 20px;margin-left: 20px;\" id=\"elmet-4007280240\"><a href=\"https:\/\/www.facebook.com\/arrincuanantigua\/\" aria-label=\"cintillo-arrin-cual\"><img loading=\"lazy\" decoding=\"async\" src=\"https:\/\/elmetropolitano.com.gt\/es\/wp-content\/uploads\/2021\/11\/cintillo-arrin-cual-1.jpg\" alt=\"\"  srcset=\"https:\/\/elmetropolitano.com.gt\/es\/wp-content\/uploads\/2021\/11\/cintillo-arrin-cual-1.jpg 750w, https:\/\/elmetropolitano.com.gt\/es\/wp-content\/uploads\/2021\/11\/cintillo-arrin-cual-1-300x36.jpg 300w, https:\/\/elmetropolitano.com.gt\/es\/wp-content\/uploads\/2021\/11\/cintillo-arrin-cual-1-600x72.jpg 600w\" sizes=\"(max-width: 750px) 100vw, 750px\" width=\"750\" height=\"90\"   \/><\/a><\/div><\/div>\n\n\n\n<p>\u00abEs simplemente malo que todo el mundo tenga que gastar todo este dinero en algo que si se usa, probablemente sea el fin del mundo\u00bb<\/p>\n\n\n\n<p>\u00abDurante a\u00f1os vi a [el ex presidente estadounidense Joe] Biden decir que la amenaza existencial&#8230; proviene del clima. Y yo dije &#8216;no&#8217;. La mayor est\u00e1 en estantes de varios pa\u00edses y se llama armas nucleares, que son grandes monstruos que pueden volarte la cabeza a millas y millas y millas\u00bb, argument\u00f3 Trump, enfatizando la urgencia de abordar este tema en el discurso global.<\/p>\n\n\n\n<p>Esta declaraci\u00f3n se produce d\u00edas despu\u00e9s de que el presidente estadounidense pidiera el desarme nuclear entre EE.UU., Mosc\u00fa y Pek\u00edn. Declar\u00f3 que el poder de este tipo de armamento es \u00abuna locura\u00bb e indic\u00f3 que deshacerse de las armas nucleares \u00abser\u00eda genial\u00bb. A finales de febrero, afirm\u00f3 que China est\u00e1 aumentando r\u00e1pidamente sus capacidades nucleares y podr\u00eda alcanzar o incluso superar al pa\u00eds norteamericano en el futuro.<\/p>\n\n\n\n<p>En respuesta, el Kremlin se mostr\u00f3 dispuesto a un di\u00e1logo sobre el control de estas armas, pero exigi\u00f3 que los arsenales nucleares europeos no deben ser ignorados durante las conversaciones. En este sentido, el portavoz presidencial, Dmitri Peskov, critic\u00f3 el discurso \u00abextremadamente confrontacional\u00bb del presidente de Francia, Emmanuel Macron, sobre la posible extensi\u00f3n del &#8216;paraguas nuclear&#8217; franc\u00e9s a la UE.<\/p>\n\n\n\n<p>Foto texto: Rt Noticias<\/p>\n\n\n\n<p>#nuclear #armasnucleares #metroredes <a href=\"http:\/\/www.elmetropolitano.com.gt\">www.elmetropolitano.com.gt<\/a> <a href=\"http:\/\/www.metroredes.com\">www.metroredes.com<\/a> <a href=\"http:\/\/www.elescuintleco.com\">www.elescuintleco.com<\/a><\/p>\n","protected":false},"excerpt":{"rendered":"<p>El presidente de Estados Unidos, Donald Trump, afirm\u00f3 que las armas nucleares representan la mayor amenaza para la humanidad. En una entrevista con Fox News el domingo, Trump conden\u00f3 los \u00ablun\u00e1ticos del clima\u00bb que predicen aumentos m\u00ednimos en el nivel del mar a lo largo de los siglos, mientras ignoran el inminente peligro de una <a class=\"read-more\" href=\"https:\/\/elmetropolitano.com.gt\/es\/trump-nombra-la-mayor-amenaza-para-la-humanidad\/\">Leer m\u00e1s<\/a><\/p>\n","protected":false},"author":1,"featured_media":98571,"comment_status":"open","ping_status":"closed","sticky":false,"template":"","format":"standard","meta":{"footnotes":""},"categories":[14],"tags":[15],"class_list":["post-98570","post","type-post","status-publish","format-standard","has-post-thumbnail","hentry","category-internacionales","tag-internacionales"],"_links":{"self":[{"href":"https:\/\/elmetropolitano.com.gt\/es\/wp-json\/wp\/v2\/posts\/98570","targetHints":{"allow":["GET"]}}],"collection":[{"href":"https:\/\/elmetropolitano.com.gt\/es\/wp-json\/wp\/v2\/posts"}],"about":[{"href":"https:\/\/elmetropolitano.com.gt\/es\/wp-json\/wp\/v2\/types\/post"}],"author":[{"embeddable":true,"href":"https:\/\/elmetropolitano.com.gt\/es\/wp-json\/wp\/v2\/users\/1"}],"replies":[{"embeddable":true,"href":"https:\/\/elmetropolitano.com.gt\/es\/wp-json\/wp\/v2\/comments?post=98570"}],"version-history":[{"count":1,"href":"https:\/\/elmetropolitano.com.gt\/es\/wp-json\/wp\/v2\/posts\/98570\/revisions"}],"predecessor-version":[{"id":98572,"href":"https:\/\/elmetropolitano.com.gt\/es\/wp-json\/wp\/v2\/posts\/98570\/revisions\/98572"}],"wp:featuredmedia":[{"embeddable":true,"href":"https:\/\/elmetropolitano.com.gt\/es\/wp-json\/wp\/v2\/media\/98571"}],"wp:attachment":[{"href":"https:\/\/elmetropolitano.com.gt\/es\/wp-json\/wp\/v2\/media?parent=98570"}],"wp:term":[{"taxonomy":"category","embeddable":true,"href":"https:\/\/elmetropolitano.com.gt\/es\/wp-json\/wp\/v2\/categories?post=98570"},{"taxonomy":"post_tag","embeddable":true,"href":"https:\/\/elmetropolitano.com.gt\/es\/wp-json\/wp\/v2\/tags?post=98570"}],"curies":[{"name":"wp","href":"https:\/\/api.w.org\/{rel}","templated":true}]}}