{"id":98809,"date":"2025-03-12T10:30:00","date_gmt":"2025-03-12T16:30:00","guid":{"rendered":"https:\/\/elmetropolitano.com.gt\/es\/?p=98809"},"modified":"2025-03-12T10:30:01","modified_gmt":"2025-03-12T16:30:01","slug":"asesinan-a-directora-financiera-de-la-municipalidad-de-la-democracia","status":"publish","type":"post","link":"https:\/\/elmetropolitano.com.gt\/es\/asesinan-a-directora-financiera-de-la-municipalidad-de-la-democracia\/","title":{"rendered":"Asesinan a directora financiera de la Municipalidad de La Democracia"},"content":{"rendered":"\n<p>La se\u00f1ora Beberly Dub\u00f3n, directora financiera de la Municipalidad de La Democracia, Escuintla, fue atacada a balazos mientras se desplazaba en su veh\u00edculo.<\/p>\n\n\n\n<p>El <a><\/a>hecho ocurri\u00f3 esta ma\u00f1ana en la Colonia Los Conacastes, donde testigos alertaron a los Bomberos Municipales Departamentales.<\/p><div class=\"elmet-contenido\" id=\"elmet-3217235549\"><div class=\"elmet-adlabel\">Anuncios<\/div><div style=\"margin-top: 20px;margin-right: 20px;margin-bottom: 20px;margin-left: 20px;\" id=\"elmet-3415486328\"><a href=\"https:\/\/www.facebook.com\/arrincuanantigua\/\" aria-label=\"cintillo-arrin-cual\"><img loading=\"lazy\" decoding=\"async\" src=\"https:\/\/elmetropolitano.com.gt\/es\/wp-content\/uploads\/2021\/11\/cintillo-arrin-cual-1.jpg\" alt=\"\"  srcset=\"https:\/\/elmetropolitano.com.gt\/es\/wp-content\/uploads\/2021\/11\/cintillo-arrin-cual-1.jpg 750w, https:\/\/elmetropolitano.com.gt\/es\/wp-content\/uploads\/2021\/11\/cintillo-arrin-cual-1-300x36.jpg 300w, https:\/\/elmetropolitano.com.gt\/es\/wp-content\/uploads\/2021\/11\/cintillo-arrin-cual-1-600x72.jpg 600w\" sizes=\"(max-width: 750px) 100vw, 750px\" width=\"750\" height=\"90\"   \/><\/a><\/div><\/div>\n\n\n\n<p>Al llegar al lugar, los socorristas confirmaron que la v\u00edctima ya no ten\u00eda signos vitales. Agentes del Ministerio P\u00fablico MO iniciaron las investigaciones para esclarecer el crimen y dar con los responsables. Hasta el momento, se desconocen las causas del ataque.<\/p>\n\n\n\n<p><a href=\"https:\/\/www.facebook.com\/hashtag\/munilademocracia?__eep__=6&amp;__cft__[0]=AZUJ5dzHGK9N_xVa5WndAmZw37aQT08jDT6vnQ4sHlC1BQlogMYUINcdBK_lpHuOPsDQ6fdURxJwRv6DoeGQe813lqHhRDH6a1cwgucAhSDKA0VhGPqmc_E2bNrMQll7wsogcb4CJAaiCgzqZDNzvY8TixfLp5-OHCPK1x-T9m0EE5VuRU7A5zMI5DfmdKqVx28&amp;__tn__=*NK-R\">#munilademocracia<\/a><a href=\"https:\/\/www.facebook.com\/hashtag\/violencia?__eep__=6&amp;__cft__[0]=AZUJ5dzHGK9N_xVa5WndAmZw37aQT08jDT6vnQ4sHlC1BQlogMYUINcdBK_lpHuOPsDQ6fdURxJwRv6DoeGQe813lqHhRDH6a1cwgucAhSDKA0VhGPqmc_E2bNrMQll7wsogcb4CJAaiCgzqZDNzvY8TixfLp5-OHCPK1x-T9m0EE5VuRU7A5zMI5DfmdKqVx28&amp;__tn__=*NK-R\">#Violencia<\/a><a href=\"https:\/\/www.facebook.com\/hashtag\/escuintla?__eep__=6&amp;__cft__[0]=AZUJ5dzHGK9N_xVa5WndAmZw37aQT08jDT6vnQ4sHlC1BQlogMYUINcdBK_lpHuOPsDQ6fdURxJwRv6DoeGQe813lqHhRDH6a1cwgucAhSDKA0VhGPqmc_E2bNrMQll7wsogcb4CJAaiCgzqZDNzvY8TixfLp5-OHCPK1x-T9m0EE5VuRU7A5zMI5DfmdKqVx28&amp;__tn__=*NK-R\">#Escuintla<\/a><\/p>\n\n\n\n<figure class=\"wp-block-gallery has-nested-images columns-default is-cropped wp-block-gallery-1 is-layout-flex wp-block-gallery-is-layout-flex\">\n<figure class=\"wp-block-image size-large\"><img loading=\"lazy\" decoding=\"async\" width=\"831\" height=\"467\" data-id=\"98811\" src=\"https:\/\/elmetropolitano.com.gt\/es\/wp-content\/uploads\/2025\/03\/480208461_1111585281008164_477044155082648135_n-1.jpg\" alt=\"\" class=\"wp-image-98811\" srcset=\"https:\/\/elmetropolitano.com.gt\/es\/wp-content\/uploads\/2025\/03\/480208461_1111585281008164_477044155082648135_n-1.jpg 831w, https:\/\/elmetropolitano.com.gt\/es\/wp-content\/uploads\/2025\/03\/480208461_1111585281008164_477044155082648135_n-1-300x169.jpg 300w, https:\/\/elmetropolitano.com.gt\/es\/wp-content\/uploads\/2025\/03\/480208461_1111585281008164_477044155082648135_n-1-768x432.jpg 768w\" sizes=\"auto, (max-width: 831px) 100vw, 831px\" \/><\/figure>\n\n\n\n<figure class=\"wp-block-image size-large\"><img loading=\"lazy\" decoding=\"async\" width=\"960\" height=\"540\" data-id=\"98813\" src=\"https:\/\/elmetropolitano.com.gt\/es\/wp-content\/uploads\/2025\/03\/480610878_1111585367674822_4979536403172633299_n.jpg\" alt=\"\" class=\"wp-image-98813\" srcset=\"https:\/\/elmetropolitano.com.gt\/es\/wp-content\/uploads\/2025\/03\/480610878_1111585367674822_4979536403172633299_n.jpg 960w, https:\/\/elmetropolitano.com.gt\/es\/wp-content\/uploads\/2025\/03\/480610878_1111585367674822_4979536403172633299_n-300x169.jpg 300w, https:\/\/elmetropolitano.com.gt\/es\/wp-content\/uploads\/2025\/03\/480610878_1111585367674822_4979536403172633299_n-768x432.jpg 768w\" sizes=\"auto, (max-width: 960px) 100vw, 960px\" \/><\/figure>\n\n\n\n<figure class=\"wp-block-image size-large\"><img loading=\"lazy\" decoding=\"async\" width=\"960\" height=\"540\" data-id=\"98812\" src=\"https:\/\/elmetropolitano.com.gt\/es\/wp-content\/uploads\/2025\/03\/480941543_1111585301008162_1201037143378351973_n.jpg\" alt=\"\" class=\"wp-image-98812\" srcset=\"https:\/\/elmetropolitano.com.gt\/es\/wp-content\/uploads\/2025\/03\/480941543_1111585301008162_1201037143378351973_n.jpg 960w, https:\/\/elmetropolitano.com.gt\/es\/wp-content\/uploads\/2025\/03\/480941543_1111585301008162_1201037143378351973_n-300x169.jpg 300w, https:\/\/elmetropolitano.com.gt\/es\/wp-content\/uploads\/2025\/03\/480941543_1111585301008162_1201037143378351973_n-768x432.jpg 768w\" sizes=\"auto, (max-width: 960px) 100vw, 960px\" \/><\/figure>\n<\/figure>\n","protected":false},"excerpt":{"rendered":"<p>La se\u00f1ora Beberly Dub\u00f3n, directora financiera de la Municipalidad de La Democracia, Escuintla, fue atacada a balazos mientras se desplazaba en su veh\u00edculo. El hecho ocurri\u00f3 esta ma\u00f1ana en la Colonia Los Conacastes, donde testigos alertaron a los Bomberos Municipales Departamentales. Al llegar al lugar, los socorristas confirmaron que la v\u00edctima ya no ten\u00eda signos <a class=\"read-more\" href=\"https:\/\/elmetropolitano.com.gt\/es\/asesinan-a-directora-financiera-de-la-municipalidad-de-la-democracia\/\">Leer m\u00e1s<\/a><\/p>\n","protected":false},"author":1,"featured_media":98810,"comment_status":"open","ping_status":"closed","sticky":false,"template":"","format":"standard","meta":{"footnotes":""},"categories":[4],"tags":[13],"class_list":["post-98809","post","type-post","status-publish","format-standard","has-post-thumbnail","hentry","category-departamentales","tag-departamentales"],"_links":{"self":[{"href":"https:\/\/elmetropolitano.com.gt\/es\/wp-json\/wp\/v2\/posts\/98809","targetHints":{"allow":["GET"]}}],"collection":[{"href":"https:\/\/elmetropolitano.com.gt\/es\/wp-json\/wp\/v2\/posts"}],"about":[{"href":"https:\/\/elmetropolitano.com.gt\/es\/wp-json\/wp\/v2\/types\/post"}],"author":[{"embeddable":true,"href":"https:\/\/elmetropolitano.com.gt\/es\/wp-json\/wp\/v2\/users\/1"}],"replies":[{"embeddable":true,"href":"https:\/\/elmetropolitano.com.gt\/es\/wp-json\/wp\/v2\/comments?post=98809"}],"version-history":[{"count":1,"href":"https:\/\/elmetropolitano.com.gt\/es\/wp-json\/wp\/v2\/posts\/98809\/revisions"}],"predecessor-version":[{"id":98814,"href":"https:\/\/elmetropolitano.com.gt\/es\/wp-json\/wp\/v2\/posts\/98809\/revisions\/98814"}],"wp:featuredmedia":[{"embeddable":true,"href":"https:\/\/elmetropolitano.com.gt\/es\/wp-json\/wp\/v2\/media\/98810"}],"wp:attachment":[{"href":"https:\/\/elmetropolitano.com.gt\/es\/wp-json\/wp\/v2\/media?parent=98809"}],"wp:term":[{"taxonomy":"category","embeddable":true,"href":"https:\/\/elmetropolitano.com.gt\/es\/wp-json\/wp\/v2\/categories?post=98809"},{"taxonomy":"post_tag","embeddable":true,"href":"https:\/\/elmetropolitano.com.gt\/es\/wp-json\/wp\/v2\/tags?post=98809"}],"curies":[{"name":"wp","href":"https:\/\/api.w.org\/{rel}","templated":true}]}}