{"id":98841,"date":"2025-03-13T09:51:48","date_gmt":"2025-03-13T15:51:48","guid":{"rendered":"https:\/\/elmetropolitano.com.gt\/es\/?p=98841"},"modified":"2025-03-13T09:51:48","modified_gmt":"2025-03-13T15:51:48","slug":"presidente-arevalo-supervisa-funcionamiento-del-centro-de-atencion-a-retornados-en-tecun-uman","status":"publish","type":"post","link":"https:\/\/elmetropolitano.com.gt\/es\/presidente-arevalo-supervisa-funcionamiento-del-centro-de-atencion-a-retornados-en-tecun-uman\/","title":{"rendered":"Presidente Ar\u00e9valo supervisa funcionamiento del Centro de Atenci\u00f3n a Retornados en Tec\u00fan Um\u00e1n"},"content":{"rendered":"\n<p>El presidente Bernardo Ar\u00e9valo, junto a la directora general de la Organizaci\u00f3n Internacional para las Migraciones (OIM), supervisan la atenci\u00f3n que se brinda en el Centro de Atenci\u00f3n a Retornados en Tec\u00fan Um\u00e1n, San Marcos.<\/p>\n\n\n\n<p>\u201cLos guatemaltecos somos un pueblo digno que merece ser recibido dignamente. Esta es su casa, este es su hogar. Uno de los objetivos m\u00e1s fuertes es mejorar las <a><\/a>capacidades y recibir de una manera digna a los connacionales que retornan al hogar\u201d expres\u00f3 el mandatario e. Su recorrido<\/p><div class=\"elmet-contenido\" id=\"elmet-33157047\"><div class=\"elmet-adlabel\">Anuncios<\/div><div style=\"margin-top: 20px;margin-right: 20px;margin-bottom: 20px;margin-left: 20px;\" id=\"elmet-3061789121\"><a href=\"https:\/\/www.facebook.com\/arrincuanantigua\/\" aria-label=\"cintillo-arrin-cual\"><img loading=\"lazy\" decoding=\"async\" src=\"https:\/\/elmetropolitano.com.gt\/es\/wp-content\/uploads\/2021\/11\/cintillo-arrin-cual-1.jpg\" alt=\"\"  srcset=\"https:\/\/elmetropolitano.com.gt\/es\/wp-content\/uploads\/2021\/11\/cintillo-arrin-cual-1.jpg 750w, https:\/\/elmetropolitano.com.gt\/es\/wp-content\/uploads\/2021\/11\/cintillo-arrin-cual-1-300x36.jpg 300w, https:\/\/elmetropolitano.com.gt\/es\/wp-content\/uploads\/2021\/11\/cintillo-arrin-cual-1-600x72.jpg 600w\" sizes=\"(max-width: 750px) 100vw, 750px\" width=\"750\" height=\"90\"   \/><\/a><\/div><\/div>\n\n\n\n<p>En esta visita se cont\u00f3 tambi\u00e9n con el acompa\u00f1amiento del director del Instituto Guatemalteco de Migraci\u00f3n (IGM), Danilo Rivera, y el coordinador residente de la organizaci\u00f3n de las Naciones Unidas en Guatemala, Miguel Barreto.<\/p>\n\n\n\n<p>Reuni\u00f3n de trabajo<\/p>\n\n\n\n<p>Durante el encuentro en el Centro de Recepci\u00f3n de Poblaciones Retornadas en Tec\u00fan Um\u00e1n, se abordaron prioridades compartidas en la gesti\u00f3n migratoria, la cooperaci\u00f3n regional.<\/p>\n\n\n\n<p>Por medio de sus redes oficiales, la OIM indic\u00f3:<\/p>\n\n\n\n<p>Adem\u00e1s, se abord\u00f3 el tema del apoyo a las personas guatemaltecas retornadas, en el marco del Plan Retorno al Hogar del Gobierno de Guatemala.<\/p>\n\n\n\n<p>En el lugar pudieron conocer la atenci\u00f3n que brinda el IGM, apoyo psicosocial, control migratorio y la atenci\u00f3n a menores a trav\u00e9s de la Secretar\u00eda de Obras Sociales de la Esposa del Presidente.<\/p>\n\n\n\n<p>Actualmente se tiene capacidad de 65 personas que retornan v\u00eda terrestre de M\u00e9xico.<\/p>\n\n\n\n<p>Sobre el centro<\/p>\n\n\n\n<p>Los centros de recepci\u00f3n de personas migrantes retornadas cuentan con una cl\u00ednica que brinda asistencia m\u00e9dica primaria, a cargo del Ministerio de Salud P\u00fablica y Asistencia Social.<\/p>\n\n\n\n<p>Las personas refugiadas y desplazadas internas que regresan a su pa\u00eds o lugar de origen son consideradas retornadas. Sin embargo, no siempre se reintegran por completo a la comunidad.<\/p>\n\n\n\n<p>En Guatemala, otras instituciones que trabajan con migrantes son:<\/p>\n\n\n\n<p>-Agencia de la ONU para los Refugiados<\/p>\n\n\n\n<p>-Secretar\u00eda de Obras Sociales de la Esposa del Presidente<\/p>\n\n\n\n<p>-Procuradur\u00eda de los Derechos Humanos<\/p>\n\n\n\n<p>-Procuradur\u00eda General de la Naci\u00f3n<\/p>\n\n\n\n<p>-Secretar\u00eda contra la Violencia Sexual, -Explotaci\u00f3n y Trata de Personas<\/p>\n\n\n\n<p>-Refugio de la Ni\u00f1ez<\/p>\n\n\n\n<p>-Secretar\u00eda de Bienestar Social de la Presidencia<\/p>\n\n\n\n<p>El Centro de Recepci\u00f3n de Retornados en Tec\u00fan Um\u00e1n, San Marcos, ofrece asistencia m\u00e9dica primaria, raciones de alimentos, kits de higiene, vestimenta b\u00e1sica y kits de primeros auxilios.<\/p>\n\n\n\n<p>El Ministerio de Salud P\u00fablica y Asistencia Social brinda asistencia m\u00e9dica primaria en los centros de recepci\u00f3n de personas migrantes retornadas.<\/p>\n\n\n\n<p>Tambi\u00e9n el Centro de Recepci\u00f3n de Retornados en Tec\u00fan Um\u00e1n, San Marcos, ofrece raciones de alimentos y kits b\u00e1sicos de higiene personal.<\/p>\n\n\n\n<p>Texto:Brenda Larios<\/p>\n\n\n\n<p>Fotos: Alex Jacinto y Alvaro Interiano<\/p>\n\n\n\n<p><a href=\"https:\/\/www.facebook.com\/hashtag\/migrantes?__eep__=6&amp;__cft__[0]=AZUvTl_jhWzCrTl6IFZKgVN3CSDADV2qtZxseMPOD4tBp8zIkHEYHwU0wMD09l6Xl9buW4YBEHeT5wqha31Z9Ze-VmaxWtUV-9brfM8FPUrrtETdBVS_YZSnbWSRZE66v9ZFGTUt2O6Z_JqcyU6SOzUgxQQ8jPMkO5YYJ4XEeLe7DQHCsBoB212DiB_5mwXoen4&amp;__tn__=*NK-R\">#migrantes<\/a><a href=\"https:\/\/www.facebook.com\/hashtag\/oim?__eep__=6&amp;__cft__[0]=AZUvTl_jhWzCrTl6IFZKgVN3CSDADV2qtZxseMPOD4tBp8zIkHEYHwU0wMD09l6Xl9buW4YBEHeT5wqha31Z9Ze-VmaxWtUV-9brfM8FPUrrtETdBVS_YZSnbWSRZE66v9ZFGTUt2O6Z_JqcyU6SOzUgxQQ8jPMkO5YYJ4XEeLe7DQHCsBoB212DiB_5mwXoen4&amp;__tn__=*NK-R\">#OIM<\/a><a href=\"https:\/\/www.facebook.com\/hashtag\/metroredes?__eep__=6&amp;__cft__[0]=AZUvTl_jhWzCrTl6IFZKgVN3CSDADV2qtZxseMPOD4tBp8zIkHEYHwU0wMD09l6Xl9buW4YBEHeT5wqha31Z9Ze-VmaxWtUV-9brfM8FPUrrtETdBVS_YZSnbWSRZE66v9ZFGTUt2O6Z_JqcyU6SOzUgxQQ8jPMkO5YYJ4XEeLe7DQHCsBoB212DiB_5mwXoen4&amp;__tn__=*NK-R\">#metroredes<\/a><\/p>\n\n\n\n<figure class=\"wp-block-gallery has-nested-images columns-default is-cropped wp-block-gallery-1 is-layout-flex wp-block-gallery-is-layout-flex\">\n<figure class=\"wp-block-image size-large\"><img loading=\"lazy\" decoding=\"async\" width=\"1024\" height=\"628\" data-id=\"98847\" src=\"https:\/\/elmetropolitano.com.gt\/es\/wp-content\/uploads\/2025\/03\/482054586_1167145448744870_1989063184819748889_n-1024x628.jpg\" alt=\"\" class=\"wp-image-98847\" srcset=\"https:\/\/elmetropolitano.com.gt\/es\/wp-content\/uploads\/2025\/03\/482054586_1167145448744870_1989063184819748889_n-1024x628.jpg 1024w, https:\/\/elmetropolitano.com.gt\/es\/wp-content\/uploads\/2025\/03\/482054586_1167145448744870_1989063184819748889_n-300x184.jpg 300w, https:\/\/elmetropolitano.com.gt\/es\/wp-content\/uploads\/2025\/03\/482054586_1167145448744870_1989063184819748889_n-768x471.jpg 768w, https:\/\/elmetropolitano.com.gt\/es\/wp-content\/uploads\/2025\/03\/482054586_1167145448744870_1989063184819748889_n.jpg 1227w\" sizes=\"auto, (max-width: 1024px) 100vw, 1024px\" \/><\/figure>\n\n\n\n<figure class=\"wp-block-image size-large\"><img loading=\"lazy\" decoding=\"async\" width=\"1024\" height=\"656\" data-id=\"98845\" src=\"https:\/\/elmetropolitano.com.gt\/es\/wp-content\/uploads\/2025\/03\/482056972_1167145475411534_5547911494595729229_n-1024x656.jpg\" alt=\"\" class=\"wp-image-98845\" srcset=\"https:\/\/elmetropolitano.com.gt\/es\/wp-content\/uploads\/2025\/03\/482056972_1167145475411534_5547911494595729229_n-1024x656.jpg 1024w, https:\/\/elmetropolitano.com.gt\/es\/wp-content\/uploads\/2025\/03\/482056972_1167145475411534_5547911494595729229_n-300x192.jpg 300w, https:\/\/elmetropolitano.com.gt\/es\/wp-content\/uploads\/2025\/03\/482056972_1167145475411534_5547911494595729229_n-768x492.jpg 768w, https:\/\/elmetropolitano.com.gt\/es\/wp-content\/uploads\/2025\/03\/482056972_1167145475411534_5547911494595729229_n.jpg 1216w\" sizes=\"auto, (max-width: 1024px) 100vw, 1024px\" \/><\/figure>\n\n\n\n<figure class=\"wp-block-image size-large\"><img loading=\"lazy\" decoding=\"async\" width=\"1024\" height=\"512\" data-id=\"98846\" src=\"https:\/\/elmetropolitano.com.gt\/es\/wp-content\/uploads\/2025\/03\/482078476_1167145482078200_6727222021617241953_n-1024x512.jpg\" alt=\"\" class=\"wp-image-98846\" srcset=\"https:\/\/elmetropolitano.com.gt\/es\/wp-content\/uploads\/2025\/03\/482078476_1167145482078200_6727222021617241953_n-1024x512.jpg 1024w, https:\/\/elmetropolitano.com.gt\/es\/wp-content\/uploads\/2025\/03\/482078476_1167145482078200_6727222021617241953_n-300x150.jpg 300w, https:\/\/elmetropolitano.com.gt\/es\/wp-content\/uploads\/2025\/03\/482078476_1167145482078200_6727222021617241953_n-768x384.jpg 768w, https:\/\/elmetropolitano.com.gt\/es\/wp-content\/uploads\/2025\/03\/482078476_1167145482078200_6727222021617241953_n.jpg 1140w\" sizes=\"auto, (max-width: 1024px) 100vw, 1024px\" \/><\/figure>\n\n\n\n<figure class=\"wp-block-image size-large\"><img loading=\"lazy\" decoding=\"async\" width=\"960\" height=\"640\" data-id=\"98844\" src=\"https:\/\/elmetropolitano.com.gt\/es\/wp-content\/uploads\/2025\/03\/484007836_1167145258744889_4093318135304875651_n.jpg\" alt=\"\" class=\"wp-image-98844\" srcset=\"https:\/\/elmetropolitano.com.gt\/es\/wp-content\/uploads\/2025\/03\/484007836_1167145258744889_4093318135304875651_n.jpg 960w, https:\/\/elmetropolitano.com.gt\/es\/wp-content\/uploads\/2025\/03\/484007836_1167145258744889_4093318135304875651_n-300x200.jpg 300w, https:\/\/elmetropolitano.com.gt\/es\/wp-content\/uploads\/2025\/03\/484007836_1167145258744889_4093318135304875651_n-768x512.jpg 768w\" sizes=\"auto, (max-width: 960px) 100vw, 960px\" \/><\/figure>\n\n\n\n<figure class=\"wp-block-image size-large\"><img loading=\"lazy\" decoding=\"async\" width=\"1024\" height=\"661\" data-id=\"98848\" src=\"https:\/\/elmetropolitano.com.gt\/es\/wp-content\/uploads\/2025\/03\/484087896_1167145492078199_4875443551580011357_n-1024x661.jpg\" alt=\"\" class=\"wp-image-98848\" srcset=\"https:\/\/elmetropolitano.com.gt\/es\/wp-content\/uploads\/2025\/03\/484087896_1167145492078199_4875443551580011357_n-1024x661.jpg 1024w, https:\/\/elmetropolitano.com.gt\/es\/wp-content\/uploads\/2025\/03\/484087896_1167145492078199_4875443551580011357_n-300x194.jpg 300w, https:\/\/elmetropolitano.com.gt\/es\/wp-content\/uploads\/2025\/03\/484087896_1167145492078199_4875443551580011357_n-768x496.jpg 768w, https:\/\/elmetropolitano.com.gt\/es\/wp-content\/uploads\/2025\/03\/484087896_1167145492078199_4875443551580011357_n.jpg 1219w\" sizes=\"auto, (max-width: 1024px) 100vw, 1024px\" \/><\/figure>\n\n\n\n<figure class=\"wp-block-image size-large\"><img loading=\"lazy\" decoding=\"async\" width=\"1024\" height=\"683\" data-id=\"98843\" src=\"https:\/\/elmetropolitano.com.gt\/es\/wp-content\/uploads\/2025\/03\/484124108_1167145455411536_2535507691417477615_n-1024x683.jpg\" alt=\"\" class=\"wp-image-98843\" srcset=\"https:\/\/elmetropolitano.com.gt\/es\/wp-content\/uploads\/2025\/03\/484124108_1167145455411536_2535507691417477615_n-1024x683.jpg 1024w, https:\/\/elmetropolitano.com.gt\/es\/wp-content\/uploads\/2025\/03\/484124108_1167145455411536_2535507691417477615_n-300x200.jpg 300w, https:\/\/elmetropolitano.com.gt\/es\/wp-content\/uploads\/2025\/03\/484124108_1167145455411536_2535507691417477615_n-768x512.jpg 768w, https:\/\/elmetropolitano.com.gt\/es\/wp-content\/uploads\/2025\/03\/484124108_1167145455411536_2535507691417477615_n.jpg 1200w\" sizes=\"auto, (max-width: 1024px) 100vw, 1024px\" \/><\/figure>\n\n\n\n<figure class=\"wp-block-image size-large\"><img loading=\"lazy\" decoding=\"async\" width=\"1024\" height=\"683\" data-id=\"98849\" src=\"https:\/\/elmetropolitano.com.gt\/es\/wp-content\/uploads\/2025\/03\/484168536_1167145385411543_7291329882667188026_n-1-1024x683.jpg\" alt=\"\" class=\"wp-image-98849\" srcset=\"https:\/\/elmetropolitano.com.gt\/es\/wp-content\/uploads\/2025\/03\/484168536_1167145385411543_7291329882667188026_n-1-1024x683.jpg 1024w, https:\/\/elmetropolitano.com.gt\/es\/wp-content\/uploads\/2025\/03\/484168536_1167145385411543_7291329882667188026_n-1-300x200.jpg 300w, https:\/\/elmetropolitano.com.gt\/es\/wp-content\/uploads\/2025\/03\/484168536_1167145385411543_7291329882667188026_n-1-768x512.jpg 768w, https:\/\/elmetropolitano.com.gt\/es\/wp-content\/uploads\/2025\/03\/484168536_1167145385411543_7291329882667188026_n-1.jpg 1200w\" sizes=\"auto, (max-width: 1024px) 100vw, 1024px\" \/><\/figure>\n\n\n\n<figure class=\"wp-block-image size-large\"><img loading=\"lazy\" decoding=\"async\" width=\"1024\" height=\"611\" data-id=\"98850\" src=\"https:\/\/elmetropolitano.com.gt\/es\/wp-content\/uploads\/2025\/03\/484320684_1167145388744876_4611573290772356779_n-1024x611.jpg\" alt=\"\" class=\"wp-image-98850\" srcset=\"https:\/\/elmetropolitano.com.gt\/es\/wp-content\/uploads\/2025\/03\/484320684_1167145388744876_4611573290772356779_n-1024x611.jpg 1024w, https:\/\/elmetropolitano.com.gt\/es\/wp-content\/uploads\/2025\/03\/484320684_1167145388744876_4611573290772356779_n-300x179.jpg 300w, https:\/\/elmetropolitano.com.gt\/es\/wp-content\/uploads\/2025\/03\/484320684_1167145388744876_4611573290772356779_n-768x458.jpg 768w, https:\/\/elmetropolitano.com.gt\/es\/wp-content\/uploads\/2025\/03\/484320684_1167145388744876_4611573290772356779_n.jpg 1209w\" sizes=\"auto, (max-width: 1024px) 100vw, 1024px\" \/><\/figure>\n<\/figure>\n","protected":false},"excerpt":{"rendered":"<p>El presidente Bernardo Ar\u00e9valo, junto a la directora general de la Organizaci\u00f3n Internacional para las Migraciones (OIM), supervisan la atenci\u00f3n que se brinda en el Centro de Atenci\u00f3n a Retornados en Tec\u00fan Um\u00e1n, San Marcos. \u201cLos guatemaltecos somos un pueblo digno que merece ser recibido dignamente. Esta es su casa, este es su hogar. Uno <a class=\"read-more\" href=\"https:\/\/elmetropolitano.com.gt\/es\/presidente-arevalo-supervisa-funcionamiento-del-centro-de-atencion-a-retornados-en-tecun-uman\/\">Leer m\u00e1s<\/a><\/p>\n","protected":false},"author":1,"featured_media":98842,"comment_status":"open","ping_status":"closed","sticky":false,"template":"","format":"standard","meta":{"footnotes":""},"categories":[4],"tags":[13],"class_list":["post-98841","post","type-post","status-publish","format-standard","has-post-thumbnail","hentry","category-departamentales","tag-departamentales"],"_links":{"self":[{"href":"https:\/\/elmetropolitano.com.gt\/es\/wp-json\/wp\/v2\/posts\/98841","targetHints":{"allow":["GET"]}}],"collection":[{"href":"https:\/\/elmetropolitano.com.gt\/es\/wp-json\/wp\/v2\/posts"}],"about":[{"href":"https:\/\/elmetropolitano.com.gt\/es\/wp-json\/wp\/v2\/types\/post"}],"author":[{"embeddable":true,"href":"https:\/\/elmetropolitano.com.gt\/es\/wp-json\/wp\/v2\/users\/1"}],"replies":[{"embeddable":true,"href":"https:\/\/elmetropolitano.com.gt\/es\/wp-json\/wp\/v2\/comments?post=98841"}],"version-history":[{"count":1,"href":"https:\/\/elmetropolitano.com.gt\/es\/wp-json\/wp\/v2\/posts\/98841\/revisions"}],"predecessor-version":[{"id":98851,"href":"https:\/\/elmetropolitano.com.gt\/es\/wp-json\/wp\/v2\/posts\/98841\/revisions\/98851"}],"wp:featuredmedia":[{"embeddable":true,"href":"https:\/\/elmetropolitano.com.gt\/es\/wp-json\/wp\/v2\/media\/98842"}],"wp:attachment":[{"href":"https:\/\/elmetropolitano.com.gt\/es\/wp-json\/wp\/v2\/media?parent=98841"}],"wp:term":[{"taxonomy":"category","embeddable":true,"href":"https:\/\/elmetropolitano.com.gt\/es\/wp-json\/wp\/v2\/categories?post=98841"},{"taxonomy":"post_tag","embeddable":true,"href":"https:\/\/elmetropolitano.com.gt\/es\/wp-json\/wp\/v2\/tags?post=98841"}],"curies":[{"name":"wp","href":"https:\/\/api.w.org\/{rel}","templated":true}]}}