{"id":98905,"date":"2025-03-13T10:55:27","date_gmt":"2025-03-13T16:55:27","guid":{"rendered":"https:\/\/elmetropolitano.com.gt\/es\/?p=98905"},"modified":"2025-03-13T10:55:28","modified_gmt":"2025-03-13T16:55:28","slug":"el-civ-recuerda-el-cierre-vial-en-el-km-17-5-de-la-ruta-al-pacifico-a-partir-de-manana-viernes-por-la-noche","status":"publish","type":"post","link":"https:\/\/elmetropolitano.com.gt\/es\/el-civ-recuerda-el-cierre-vial-en-el-km-17-5-de-la-ruta-al-pacifico-a-partir-de-manana-viernes-por-la-noche\/","title":{"rendered":"El CIV recuerda el cierre vial en el km 17.5 de la ruta al Pac\u00edfico a partir de ma\u00f1ana viernes por la noche"},"content":{"rendered":"\n<p>El Ministerio de Comunicaciones, Infraestructura y Vivienda (CIV) recuerda a la poblaci\u00f3n que este viernes 14 de marzo, a la 22.00 horas (10.00 de la noche) se practicar\u00e1 un cierre vial en el km 17.5 de la carretera CA-9 Sur, (ruta al Pac\u00edfico), en jurisdicci\u00f3n de Villa Nueva por trabajos de construcci\u00f3n del segundo puente en esa v\u00eda.<\/p>\n\n\n\n<p>Asimismo, el CIV recuerda que el paso permanecer\u00e1 cerrado durante el fin de semana y se habilitar\u00e1 el lunes 17 de marzo a las 3:00 de la ma\u00f1ana.<\/p><div class=\"elmet-contenido\" id=\"elmet-2289682100\"><div class=\"elmet-adlabel\">Anuncios<\/div><div style=\"margin-top: 20px;margin-right: 20px;margin-bottom: 20px;margin-left: 20px;\" id=\"elmet-3878588230\"><a href=\"https:\/\/www.facebook.com\/arrincuanantigua\/\" aria-label=\"cintillo-arrin-cual\"><img loading=\"lazy\" decoding=\"async\" src=\"https:\/\/elmetropolitano.com.gt\/es\/wp-content\/uploads\/2021\/11\/cintillo-arrin-cual-1.jpg\" alt=\"\"  srcset=\"https:\/\/elmetropolitano.com.gt\/es\/wp-content\/uploads\/2021\/11\/cintillo-arrin-cual-1.jpg 750w, https:\/\/elmetropolitano.com.gt\/es\/wp-content\/uploads\/2021\/11\/cintillo-arrin-cual-1-300x36.jpg 300w, https:\/\/elmetropolitano.com.gt\/es\/wp-content\/uploads\/2021\/11\/cintillo-arrin-cual-1-600x72.jpg 600w\" sizes=\"(max-width: 750px) 100vw, 750px\" width=\"750\" height=\"90\"   \/><\/a><\/div><\/div>\n\n\n\n<p>Adem\u00e1s, las autoridades del CIV aclaran que este ser\u00e1 el \u00fanico lugar en el que se practicar\u00e1 un cierre vial durante el fin de semana.<\/p>\n\n\n\n<p>Los trabajos<\/p>\n\n\n\n<p>Tambi\u00e9n explic\u00f3 el Ministerio de Comunicaciones que el cierre del paso vehicular en ese lugar es necesario debido a que para el desarrollo de los trabajos es necesario llevar grandes gr\u00faas para instalar las vigas longitudinales que sostendr\u00e1n el puente que se construye en ese sector.<\/p>\n\n\n\n<p>Asimismo, las autoridades han indicado que para viabilizar el paso vehicular y reducir el impacto vial se habilitar\u00e1n rutas alternas cuya coordinaci\u00f3n estar\u00e1 a cargo de brigadistas de la Direcci\u00f3n de General de Protecci\u00f3n y Seguridad Vial (Provial).<\/p>\n\n\n\n<p>Adem\u00e1s, el CIV agradece a los polic\u00edas de tr\u00e1nsito de Villa Nueva y municipios aleda\u00f1os por su organizaci\u00f3n para apoyar en la circulaci\u00f3n vehicular durante los d\u00edas de cierre.<\/p>\n\n\n\n<p>Igualmente, se solicita a los conductores acatar las indicaciones de las autoridades y estar atentos a la informaci\u00f3n que se publicar\u00e1 en las redes sociales oficiales de las instituciones involucradas.<\/p>\n\n\n\n<p>A la vez que agradece la comprensi\u00f3n de los usuarios de esa v\u00eda, el CIV recuerda a la poblaci\u00f3n la informaci\u00f3n se dar\u00e1 a conocer por los canales habituales y por medio de las redes sociales de este Ministerio.<\/p>\n\n\n\n<p>El CIV contin\u00faa haciendo sus esfuerzos para rehabilitar la red vial del pa\u00eds y que los usuarios de esta est\u00e9n mejor conectados, y as\u00ed contribuir al desarrollo de los guatemaltecos.<\/p>\n\n\n\n<p>#metroredes <a href=\"http:\/\/www.elmetropolitano.com.gt\">www.elmetropolitano.com.gt<\/a> <a href=\"http:\/\/www.metroredes.com\">www.metroredes.com<\/a><\/p>\n\n\n\n<p><\/p>\n","protected":false},"excerpt":{"rendered":"<p>El Ministerio de Comunicaciones, Infraestructura y Vivienda (CIV) recuerda a la poblaci\u00f3n que este viernes 14 de marzo, a la 22.00 horas (10.00 de la noche) se practicar\u00e1 un cierre vial en el km 17.5 de la carretera CA-9 Sur, (ruta al Pac\u00edfico), en jurisdicci\u00f3n de Villa Nueva por trabajos de construcci\u00f3n del segundo puente <a class=\"read-more\" href=\"https:\/\/elmetropolitano.com.gt\/es\/el-civ-recuerda-el-cierre-vial-en-el-km-17-5-de-la-ruta-al-pacifico-a-partir-de-manana-viernes-por-la-noche\/\">Leer m\u00e1s<\/a><\/p>\n","protected":false},"author":1,"featured_media":98906,"comment_status":"open","ping_status":"closed","sticky":false,"template":"","format":"standard","meta":{"footnotes":""},"categories":[3],"tags":[10],"class_list":["post-98905","post","type-post","status-publish","format-standard","has-post-thumbnail","hentry","category-locales","tag-locales"],"_links":{"self":[{"href":"https:\/\/elmetropolitano.com.gt\/es\/wp-json\/wp\/v2\/posts\/98905","targetHints":{"allow":["GET"]}}],"collection":[{"href":"https:\/\/elmetropolitano.com.gt\/es\/wp-json\/wp\/v2\/posts"}],"about":[{"href":"https:\/\/elmetropolitano.com.gt\/es\/wp-json\/wp\/v2\/types\/post"}],"author":[{"embeddable":true,"href":"https:\/\/elmetropolitano.com.gt\/es\/wp-json\/wp\/v2\/users\/1"}],"replies":[{"embeddable":true,"href":"https:\/\/elmetropolitano.com.gt\/es\/wp-json\/wp\/v2\/comments?post=98905"}],"version-history":[{"count":1,"href":"https:\/\/elmetropolitano.com.gt\/es\/wp-json\/wp\/v2\/posts\/98905\/revisions"}],"predecessor-version":[{"id":98907,"href":"https:\/\/elmetropolitano.com.gt\/es\/wp-json\/wp\/v2\/posts\/98905\/revisions\/98907"}],"wp:featuredmedia":[{"embeddable":true,"href":"https:\/\/elmetropolitano.com.gt\/es\/wp-json\/wp\/v2\/media\/98906"}],"wp:attachment":[{"href":"https:\/\/elmetropolitano.com.gt\/es\/wp-json\/wp\/v2\/media?parent=98905"}],"wp:term":[{"taxonomy":"category","embeddable":true,"href":"https:\/\/elmetropolitano.com.gt\/es\/wp-json\/wp\/v2\/categories?post=98905"},{"taxonomy":"post_tag","embeddable":true,"href":"https:\/\/elmetropolitano.com.gt\/es\/wp-json\/wp\/v2\/tags?post=98905"}],"curies":[{"name":"wp","href":"https:\/\/api.w.org\/{rel}","templated":true}]}}