{"id":98967,"date":"2025-03-14T09:54:23","date_gmt":"2025-03-14T15:54:23","guid":{"rendered":"https:\/\/elmetropolitano.com.gt\/es\/?p=98967"},"modified":"2025-03-14T09:54:23","modified_gmt":"2025-03-14T15:54:23","slug":"pnc-evita-ataque-armado-y-captura-a-tres-presuntos-sicarios-del-barrio18-en-coban","status":"publish","type":"post","link":"https:\/\/elmetropolitano.com.gt\/es\/pnc-evita-ataque-armado-y-captura-a-tres-presuntos-sicarios-del-barrio18-en-coban\/","title":{"rendered":"PNC evita ataque armado y captura a tres presuntos sicarios del Barrio18 en Cob\u00e1n"},"content":{"rendered":"\n<p>En la zona 6 de Cob\u00e1n, Alta Verapaz, fueron capturados Sergio Israel <a><\/a>Garc\u00eda, de 29 a\u00f1os, alias \u201cChino\u201d, Anthony Jos\u00e9 Villeda Guti\u00e9rrez, de 27 a\u00f1os y Josu\u00e9 Eliseo El\u00edas Tobar, de 20 a\u00f1os, presuntos sicarios del barrio 18 que se presume realizar\u00edan un ataque armado.<\/p>\n\n\n\n<p>Se les incautaron dos armas de fuego qu\u00e9 portaban de manera ilegal, una marca Glock con una tolva y 21 municiones y la otra marca Ruger con una tolva tipo caracol con 43 municiones, adem\u00e1s de dos chalecos antibalas y cuatro celulares, cuando viajaban en una camioneta marca Mazda, con alteraciones en el chasis.<\/p><div class=\"elmet-contenido\" id=\"elmet-972808851\"><div class=\"elmet-adlabel\">Anuncios<\/div><div style=\"margin-top: 20px;margin-right: 20px;margin-bottom: 20px;margin-left: 20px;\" id=\"elmet-1132480090\"><a href=\"https:\/\/www.facebook.com\/arrincuanantigua\/\" aria-label=\"cintillo-arrin-cual\"><img loading=\"lazy\" decoding=\"async\" src=\"https:\/\/elmetropolitano.com.gt\/es\/wp-content\/uploads\/2021\/11\/cintillo-arrin-cual-1.jpg\" alt=\"\"  srcset=\"https:\/\/elmetropolitano.com.gt\/es\/wp-content\/uploads\/2021\/11\/cintillo-arrin-cual-1.jpg 750w, https:\/\/elmetropolitano.com.gt\/es\/wp-content\/uploads\/2021\/11\/cintillo-arrin-cual-1-300x36.jpg 300w, https:\/\/elmetropolitano.com.gt\/es\/wp-content\/uploads\/2021\/11\/cintillo-arrin-cual-1-600x72.jpg 600w\" sizes=\"(max-width: 750px) 100vw, 750px\" width=\"750\" height=\"90\"   \/><\/a><\/div><\/div>\n\n\n\n<p>A Sergio le aparece una orden de aprehensi\u00f3n en su contra de fecha 1 de octubre del 2024 por el delito de extorsi\u00f3n, solicitado por un juzgado de Guatemala, mientras que los otros dos detenidos tienen antecedentes por portaci\u00f3n ilegal de arma de fuego y robo.<\/p>\n\n\n\n<p><a href=\"https:\/\/www.facebook.com\/hashtag\/coban?__eep__=6&amp;__cft__[0]=AZVQ7r4WkU3kt9I_7bW9Kbu5mk7XzRUBuRqft76jJomsiYulVfW9hvM2ac_3JSEJ3FyaN7w7aQtPD91mlYIFh7pv545S8MLbGj4dV2YoDBXZNSDe_QzkYk0rOotCczHlbcgEeI0yzoub1m3AOzjWOQ6VigBvBlb7kWsWcDPmxkm-nik_zz7rI2OnXWesCCBZEA9HRRh4AQwBFfiAb5DWCyis3xvZ12wcxaX4oFjRyowRMw&amp;__tn__=*NK-y-R\">#Coban<\/a><a href=\"https:\/\/www.facebook.com\/hashtag\/pncdeguatemala?__eep__=6&amp;__cft__[0]=AZVQ7r4WkU3kt9I_7bW9Kbu5mk7XzRUBuRqft76jJomsiYulVfW9hvM2ac_3JSEJ3FyaN7w7aQtPD91mlYIFh7pv545S8MLbGj4dV2YoDBXZNSDe_QzkYk0rOotCczHlbcgEeI0yzoub1m3AOzjWOQ6VigBvBlb7kWsWcDPmxkm-nik_zz7rI2OnXWesCCBZEA9HRRh4AQwBFfiAb5DWCyis3xvZ12wcxaX4oFjRyowRMw&amp;__tn__=*NK-y-R\">#PNCdeGuatemala<\/a> <a href=\"https:\/\/www.facebook.com\/hashtag\/ministeriodegobernaci%C3%B3n?__eep__=6&amp;__cft__[0]=AZVQ7r4WkU3kt9I_7bW9Kbu5mk7XzRUBuRqft76jJomsiYulVfW9hvM2ac_3JSEJ3FyaN7w7aQtPD91mlYIFh7pv545S8MLbGj4dV2YoDBXZNSDe_QzkYk0rOotCczHlbcgEeI0yzoub1m3AOzjWOQ6VigBvBlb7kWsWcDPmxkm-nik_zz7rI2OnXWesCCBZEA9HRRh4AQwBFfiAb5DWCyis3xvZ12wcxaX4oFjRyowRMw&amp;__tn__=*NK-y-R\">#MinisterioDeGobernaci\u00f3n<\/a> <a href=\"https:\/\/www.facebook.com\/hashtag\/laseguridadeshoy?__eep__=6&amp;__cft__[0]=AZVQ7r4WkU3kt9I_7bW9Kbu5mk7XzRUBuRqft76jJomsiYulVfW9hvM2ac_3JSEJ3FyaN7w7aQtPD91mlYIFh7pv545S8MLbGj4dV2YoDBXZNSDe_QzkYk0rOotCczHlbcgEeI0yzoub1m3AOzjWOQ6VigBvBlb7kWsWcDPmxkm-nik_zz7rI2OnXWesCCBZEA9HRRh4AQwBFfiAb5DWCyis3xvZ12wcxaX4oFjRyowRMw&amp;__tn__=*NK-y-R\">#LaSeguridadEsHoy<\/a><\/p>\n\n\n\n<figure class=\"wp-block-gallery has-nested-images columns-default is-cropped wp-block-gallery-1 is-layout-flex wp-block-gallery-is-layout-flex\">\n<figure class=\"wp-block-image size-large\"><img loading=\"lazy\" decoding=\"async\" width=\"720\" height=\"920\" data-id=\"98972\" src=\"https:\/\/elmetropolitano.com.gt\/es\/wp-content\/uploads\/2025\/03\/475962097_1187770383355080_2372443881893572510_n.jpg\" alt=\"\" class=\"wp-image-98972\" srcset=\"https:\/\/elmetropolitano.com.gt\/es\/wp-content\/uploads\/2025\/03\/475962097_1187770383355080_2372443881893572510_n.jpg 720w, https:\/\/elmetropolitano.com.gt\/es\/wp-content\/uploads\/2025\/03\/475962097_1187770383355080_2372443881893572510_n-235x300.jpg 235w\" sizes=\"auto, (max-width: 720px) 100vw, 720px\" \/><\/figure>\n\n\n\n<figure class=\"wp-block-image size-large\"><img loading=\"lazy\" decoding=\"async\" width=\"1024\" height=\"553\" data-id=\"98973\" src=\"https:\/\/elmetropolitano.com.gt\/es\/wp-content\/uploads\/2025\/03\/480968367_1187771543354964_1658491107560185357_n-1024x553.jpg\" alt=\"\" class=\"wp-image-98973\" srcset=\"https:\/\/elmetropolitano.com.gt\/es\/wp-content\/uploads\/2025\/03\/480968367_1187771543354964_1658491107560185357_n-1024x553.jpg 1024w, https:\/\/elmetropolitano.com.gt\/es\/wp-content\/uploads\/2025\/03\/480968367_1187771543354964_1658491107560185357_n-300x162.jpg 300w, https:\/\/elmetropolitano.com.gt\/es\/wp-content\/uploads\/2025\/03\/480968367_1187771543354964_1658491107560185357_n-768x415.jpg 768w, https:\/\/elmetropolitano.com.gt\/es\/wp-content\/uploads\/2025\/03\/480968367_1187771543354964_1658491107560185357_n.jpg 1500w\" sizes=\"auto, (max-width: 1024px) 100vw, 1024px\" \/><\/figure>\n\n\n\n<figure class=\"wp-block-image size-large\"><img loading=\"lazy\" decoding=\"async\" width=\"720\" height=\"721\" data-id=\"98970\" src=\"https:\/\/elmetropolitano.com.gt\/es\/wp-content\/uploads\/2025\/03\/481073707_1187770273355091_8676697310693647434_n.jpg\" alt=\"\" class=\"wp-image-98970\" srcset=\"https:\/\/elmetropolitano.com.gt\/es\/wp-content\/uploads\/2025\/03\/481073707_1187770273355091_8676697310693647434_n.jpg 720w, https:\/\/elmetropolitano.com.gt\/es\/wp-content\/uploads\/2025\/03\/481073707_1187770273355091_8676697310693647434_n-300x300.jpg 300w, https:\/\/elmetropolitano.com.gt\/es\/wp-content\/uploads\/2025\/03\/481073707_1187770273355091_8676697310693647434_n-150x150.jpg 150w\" sizes=\"auto, (max-width: 720px) 100vw, 720px\" \/><\/figure>\n\n\n\n<figure class=\"wp-block-image size-large\"><img loading=\"lazy\" decoding=\"async\" width=\"533\" height=\"548\" data-id=\"98969\" src=\"https:\/\/elmetropolitano.com.gt\/es\/wp-content\/uploads\/2025\/03\/482217073_1187770290021756_2597093548418027614_n.jpg\" alt=\"\" class=\"wp-image-98969\" srcset=\"https:\/\/elmetropolitano.com.gt\/es\/wp-content\/uploads\/2025\/03\/482217073_1187770290021756_2597093548418027614_n.jpg 533w, https:\/\/elmetropolitano.com.gt\/es\/wp-content\/uploads\/2025\/03\/482217073_1187770290021756_2597093548418027614_n-292x300.jpg 292w\" sizes=\"auto, (max-width: 533px) 100vw, 533px\" \/><\/figure>\n\n\n\n<figure class=\"wp-block-image size-large\"><img loading=\"lazy\" decoding=\"async\" width=\"720\" height=\"405\" data-id=\"98971\" src=\"https:\/\/elmetropolitano.com.gt\/es\/wp-content\/uploads\/2025\/03\/483521500_1187770330021752_88656627360613000_n-1.jpg\" alt=\"\" class=\"wp-image-98971\" srcset=\"https:\/\/elmetropolitano.com.gt\/es\/wp-content\/uploads\/2025\/03\/483521500_1187770330021752_88656627360613000_n-1.jpg 720w, https:\/\/elmetropolitano.com.gt\/es\/wp-content\/uploads\/2025\/03\/483521500_1187770330021752_88656627360613000_n-1-300x169.jpg 300w\" sizes=\"auto, (max-width: 720px) 100vw, 720px\" \/><\/figure>\n<\/figure>\n","protected":false},"excerpt":{"rendered":"<p>En la zona 6 de Cob\u00e1n, Alta Verapaz, fueron capturados Sergio Israel Garc\u00eda, de 29 a\u00f1os, alias \u201cChino\u201d, Anthony Jos\u00e9 Villeda Guti\u00e9rrez, de 27 a\u00f1os y Josu\u00e9 Eliseo El\u00edas Tobar, de 20 a\u00f1os, presuntos sicarios del barrio 18 que se presume realizar\u00edan un ataque armado. Se les incautaron dos armas de fuego qu\u00e9 portaban de <a class=\"read-more\" href=\"https:\/\/elmetropolitano.com.gt\/es\/pnc-evita-ataque-armado-y-captura-a-tres-presuntos-sicarios-del-barrio18-en-coban\/\">Leer m\u00e1s<\/a><\/p>\n","protected":false},"author":1,"featured_media":98968,"comment_status":"open","ping_status":"closed","sticky":false,"template":"","format":"standard","meta":{"footnotes":""},"categories":[4],"tags":[13],"class_list":["post-98967","post","type-post","status-publish","format-standard","has-post-thumbnail","hentry","category-departamentales","tag-departamentales"],"_links":{"self":[{"href":"https:\/\/elmetropolitano.com.gt\/es\/wp-json\/wp\/v2\/posts\/98967","targetHints":{"allow":["GET"]}}],"collection":[{"href":"https:\/\/elmetropolitano.com.gt\/es\/wp-json\/wp\/v2\/posts"}],"about":[{"href":"https:\/\/elmetropolitano.com.gt\/es\/wp-json\/wp\/v2\/types\/post"}],"author":[{"embeddable":true,"href":"https:\/\/elmetropolitano.com.gt\/es\/wp-json\/wp\/v2\/users\/1"}],"replies":[{"embeddable":true,"href":"https:\/\/elmetropolitano.com.gt\/es\/wp-json\/wp\/v2\/comments?post=98967"}],"version-history":[{"count":1,"href":"https:\/\/elmetropolitano.com.gt\/es\/wp-json\/wp\/v2\/posts\/98967\/revisions"}],"predecessor-version":[{"id":98974,"href":"https:\/\/elmetropolitano.com.gt\/es\/wp-json\/wp\/v2\/posts\/98967\/revisions\/98974"}],"wp:featuredmedia":[{"embeddable":true,"href":"https:\/\/elmetropolitano.com.gt\/es\/wp-json\/wp\/v2\/media\/98968"}],"wp:attachment":[{"href":"https:\/\/elmetropolitano.com.gt\/es\/wp-json\/wp\/v2\/media?parent=98967"}],"wp:term":[{"taxonomy":"category","embeddable":true,"href":"https:\/\/elmetropolitano.com.gt\/es\/wp-json\/wp\/v2\/categories?post=98967"},{"taxonomy":"post_tag","embeddable":true,"href":"https:\/\/elmetropolitano.com.gt\/es\/wp-json\/wp\/v2\/tags?post=98967"}],"curies":[{"name":"wp","href":"https:\/\/api.w.org\/{rel}","templated":true}]}}