{"id":99004,"date":"2025-03-14T15:58:25","date_gmt":"2025-03-14T21:58:25","guid":{"rendered":"https:\/\/elmetropolitano.com.gt\/es\/?p=99004"},"modified":"2025-03-14T15:58:26","modified_gmt":"2025-03-14T21:58:26","slug":"empresarias-guatemaltecas-impulsan-su-internacionalizacion-con-el-apoyo-del-mineco-camara-de-comercio-y-bac","status":"publish","type":"post","link":"https:\/\/elmetropolitano.com.gt\/es\/empresarias-guatemaltecas-impulsan-su-internacionalizacion-con-el-apoyo-del-mineco-camara-de-comercio-y-bac\/","title":{"rendered":"Empresarias guatemaltecas impulsan su internacionalizaci\u00f3n con el apoyo del Mineco, C\u00e1mara de Comercio y BAC"},"content":{"rendered":"\n<p>A nivel global, solo una de cada cinco empresas exportadoras <a><\/a>es liderada por mujeres, seg\u00fan datos del Centro de Comercio Internacional. Para abordar esta brecha y promover la inclusi\u00f3n econ\u00f3mica femenina, la Federaci\u00f3n de C\u00e1maras de Comercio del Istmo Centroamericano -FECAMCO-, a trav\u00e9s de la C\u00e1mara de Comercio de Guatemala, con el respaldo del Ministerio de Econom\u00eda (Mineco) y BAC Guatemala, han impulsado el Programa de Internacionalizaci\u00f3n de Empresas Lideradas por Mujeres en el pa\u00eds.<\/p>\n\n\n\n<p>Durante las \u00faltimas semanas, m\u00e1s de 50 empresarias centroamericanas, incluidas guatemaltecas, fortalecieron sus capacidades en temas como: Investigaci\u00f3n de mercados y oportunidades en Centroam\u00e9rica, Requisitos y procedimientos para exportar, Log\u00edstica, costos y estrategias de empaque, Finanzas internacionales y gesti\u00f3n de riesgos (a cargo de BAC), entre otros temas.<\/p><div class=\"elmet-contenido\" id=\"elmet-3176033748\"><div class=\"elmet-adlabel\">Anuncios<\/div><div style=\"margin-top: 20px;margin-right: 20px;margin-bottom: 20px;margin-left: 20px;\" id=\"elmet-4232340675\"><a href=\"https:\/\/www.facebook.com\/arrincuanantigua\/\" aria-label=\"cintillo-arrin-cual\"><img loading=\"lazy\" decoding=\"async\" src=\"https:\/\/elmetropolitano.com.gt\/es\/wp-content\/uploads\/2021\/11\/cintillo-arrin-cual-1.jpg\" alt=\"\"  srcset=\"https:\/\/elmetropolitano.com.gt\/es\/wp-content\/uploads\/2021\/11\/cintillo-arrin-cual-1.jpg 750w, https:\/\/elmetropolitano.com.gt\/es\/wp-content\/uploads\/2021\/11\/cintillo-arrin-cual-1-300x36.jpg 300w, https:\/\/elmetropolitano.com.gt\/es\/wp-content\/uploads\/2021\/11\/cintillo-arrin-cual-1-600x72.jpg 600w\" sizes=\"(max-width: 750px) 100vw, 750px\" width=\"750\" height=\"90\"   \/><\/a><\/div><\/div>\n\n\n\n<p>Como resultado de este esfuerzo, seis de estas empresarias han sido seleccionadas para representar a Guatemala en EXPOCOMER 2025 en Panam\u00e1, donde podr\u00e1n exhibir sus productos y generar nuevas oportunidades de negocio. De estas, dos recibir\u00e1n becas de BAC Guatemala, mientras que el Ministerio de Econom\u00eda apoyar\u00e1 a cuatro de ellas para garantizar su participaci\u00f3n en este importante evento de comercio exterior.<\/p>\n\n\n\n<p>\u201cEste esfuerzo refleja el compromiso del Gobierno de Guatemala, que tiene como prioridad convertir a nuestro pa\u00eds en un referente de comercio exterior, donde cada empresa, grande o peque\u00f1a, tenga las herramientas para competir en el mercado internacional\u201d expres\u00f3 el viceministro de Integraci\u00f3n y Comercio Exterior, H\u00e9ctor Marroqu\u00edn Mora.<\/p>\n\n\n\n<p>El Ministerio de Econom\u00eda seguir\u00e1 apoyando iniciativas que promuevan la innovaci\u00f3n, la inclusi\u00f3n y la conexi\u00f3n con mercados internacionales. \u201cTrabajamos para la facilitaci\u00f3n del comercio y generar alianzas estrat\u00e9gicas, porque creemos en el potencial de nuestras emprendedoras.\u201d Al dirigirse a las mujeres que recibieron un reconocimiento por su participaci\u00f3n en el Programa expres\u00f3: \u201cSu trabajo no solo impulsa la competitividad del pa\u00eds, sino que tambi\u00e9n rompe barreras, reduce brechas de g\u00e9nero y demuestra que el liderazgo femenino es clave para construir una econom\u00eda m\u00e1s justa y pr\u00f3spera\u201d. Concluy\u00f3.<\/p>\n\n\n\n<p>La C\u00e1mara de Comercio de Guatemala ha desempe\u00f1ado un rol clave en la ejecuci\u00f3n del programa, facilitando la selecci\u00f3n de participantes y promoviendo la vinculaci\u00f3n con actores estrat\u00e9gicos del comercio exterior.<\/p>\n\n\n\n<p>\u00abEl \u00e9xito del Programa de Internacionalizaci\u00f3n de Empresas Lideradas por Mujeres es un testimonio del impacto positivo que generan las alianzas estrat\u00e9gicas entre el sector p\u00fablico y privado. En la C\u00e1mara de Comercio de Guatemala, creemos firmemente que la colaboraci\u00f3n entre instituciones es clave para crear oportunidades reales de crecimiento para las empresarias guatemaltecas. Gracias al trabajo conjunto con FECAMCO, el Ministerio de Econom\u00eda, BAC y otros aliados estrat\u00e9gicos, hoy vemos c\u00f3mo seis mujeres empresarias guatemaltecas han logrado abrirse camino en mercados internacionales, fortaleciendo as\u00ed el comercio y el desarrollo econ\u00f3mico del pa\u00eds. Este tipo de iniciativas no solo impulsan la internacionalizaci\u00f3n de nuestras empresarias, sino que tambi\u00e9n refuerzan el compromiso de la C\u00e1mara de Comercio con el empoderamiento femenino y la competitividad empresarial en Guatemala y la regi\u00f3n\u00bb, expres\u00f3 Josu\u00e9 L\u00f3pez, Gerente General de C\u00e1mara de Comercio.<\/p>\n\n\n\n<p>A trav\u00e9s de Mujeres BAC, el banco ha desarrollado un ecosistema de apoyo financiero y no financiero para fortalecer el crecimiento empresarial femenino, brindando acceso a capital, educaci\u00f3n financiera y oportunidades comerciales y de networking.<\/p>\n\n\n\n<p>\u201cA trav\u00e9s de nuestro programa Mujeres BAC, hemos trabajado por impulsar el crecimiento de empresarias y emprendedoras en toda la regi\u00f3n, facilitando acceso a herramientas y oportunidades que les permitan expandir sus negocios. Este programa es un claro ejemplo de c\u00f3mo la colaboraci\u00f3n estrat\u00e9gica puede generar un impacto positivo en la econom\u00eda y en la vida de muchas mujeres\u201d, expres\u00f3 Jos\u00e9 Barrios, Vicepresidente de Estrategia Comercial, Mercadeo y Sostenibilidad de BAC Guatemala.<\/p>\n\n\n\n<p>Para promover la inclusi\u00f3n financiera y el empoderamiento femenino, BAC se uni\u00f3 a esta iniciativa de FECAMCO, contribuyendo con capacitaci\u00f3n y becas del programa en los 6 pa\u00edses de la regi\u00f3n, con lo que ha logrado impulsar a 16 empresarias en total, siendo 6 de ellas guatemaltecas.<\/p>\n\n\n\n<p>Las 6 empresarias guatemaltecas seleccionadas<\/p>\n\n\n\n<p>De las diez empresarias que completaron el programa, seis han sido seleccionadas para viajar a EXPOCOMER 2025 en Panam\u00e1, donde exhibir\u00e1n sus productos en el Pabell\u00f3n Centroamericano de Mujeres Exportadoras. Cada una de ellas proviene de distintos sectores, y han demostrado su capacidad de innovaci\u00f3n y su potencial exportador:<\/p>\n\n\n\n<p>1)Angelica de Le\u00f3n Ram\u00edrez \u2013 BARETEC Guatemala: Especialista en reciclaje y exportaci\u00f3n de bater\u00edas de \u00e1cido-plomo usadas.<\/p>\n\n\n\n<p>2)Ana Mariela Mej\u00eda \u2013 Industria DLC: Exportadora de productos a base de frutas y vegetales, incluyendo mermeladas y salsas.<\/p>\n\n\n\n<p>3)Tatiana Salazar \u2013 Joyer\u00eda Bot\u00e1nica Guatemalteca: Dise\u00f1a y exporta piezas de joyer\u00eda bot\u00e1nica inspiradas en la flora de Guatemala.<\/p>\n\n\n\n<p>4)Flor de Mar\u00eda Fuentes Monz\u00f3n \u2013 Maya Piel: Dise\u00f1adora y exportadora de marroquiner\u00eda, incluyendo cinchos, bolsas y accesorios de cuero.<\/p>\n\n\n\n<p>5)Sindy M\u00e1rquez \u2013 Creaciones Sindy: Especialista en ropa y camas para mascotas con enfoque en bienestar animal.<\/p>\n\n\n\n<p>6)Celeste Fumagalli \u2013 Gold Grains: Productora y exportadora de caf\u00e9 de especialidad de la Regi\u00f3n 4, Sur Oriente de Guatemala.<\/p>\n\n\n\n<p>Con acciones como esta, el Ministerio de Econom\u00eda, FECAMCO a trav\u00e9s de la C\u00e1mara de Comercio de Guatemala y BAC reafirman su compromiso con la sostenibilidad y el impulso econ\u00f3mico de las mujeres, facilitando su acceso a herramientas y plataformas que les permitan expandir sus negocios y contribuir al desarrollo de la regi\u00f3n.<\/p>\n\n\n\n<p><a href=\"https:\/\/www.facebook.com\/hashtag\/bacguatemala?__eep__=6&amp;__cft__[0]=AZUfSAUVAFwzQ5jjF2HKKWsNrsoq-Bqp8_7tnrO7JNdA0sXgCquXjGmw2P7NSq1wlPOk1Fvgo3yKGYa12JFQz0bkSXMmawAAt7FMikt43fDlQfyBpxpV8Nlp0jlncVDTtp2cV6JQ5Ajs0uxi5T5oSblKZIWUNj1DFaAuBAzmiC4b53fJc_QmCeMowdLrOVs24MwfAhJqShp01oGoDZstlVF9NEc2u2-s4Z27GuYJdKO0fA&amp;__tn__=*NK-y-R\">#bacguatemala<\/a><a href=\"https:\/\/www.facebook.com\/hashtag\/mineco?__eep__=6&amp;__cft__[0]=AZUfSAUVAFwzQ5jjF2HKKWsNrsoq-Bqp8_7tnrO7JNdA0sXgCquXjGmw2P7NSq1wlPOk1Fvgo3yKGYa12JFQz0bkSXMmawAAt7FMikt43fDlQfyBpxpV8Nlp0jlncVDTtp2cV6JQ5Ajs0uxi5T5oSblKZIWUNj1DFaAuBAzmiC4b53fJc_QmCeMowdLrOVs24MwfAhJqShp01oGoDZstlVF9NEc2u2-s4Z27GuYJdKO0fA&amp;__tn__=*NK-y-R\">#MINECO<\/a><a href=\"https:\/\/www.facebook.com\/hashtag\/fecamco?__eep__=6&amp;__cft__[0]=AZUfSAUVAFwzQ5jjF2HKKWsNrsoq-Bqp8_7tnrO7JNdA0sXgCquXjGmw2P7NSq1wlPOk1Fvgo3yKGYa12JFQz0bkSXMmawAAt7FMikt43fDlQfyBpxpV8Nlp0jlncVDTtp2cV6JQ5Ajs0uxi5T5oSblKZIWUNj1DFaAuBAzmiC4b53fJc_QmCeMowdLrOVs24MwfAhJqShp01oGoDZstlVF9NEc2u2-s4Z27GuYJdKO0fA&amp;__tn__=*NK-y-R\">#fecamco<\/a><a href=\"https:\/\/www.facebook.com\/hashtag\/camaradecomercio?__eep__=6&amp;__cft__[0]=AZUfSAUVAFwzQ5jjF2HKKWsNrsoq-Bqp8_7tnrO7JNdA0sXgCquXjGmw2P7NSq1wlPOk1Fvgo3yKGYa12JFQz0bkSXMmawAAt7FMikt43fDlQfyBpxpV8Nlp0jlncVDTtp2cV6JQ5Ajs0uxi5T5oSblKZIWUNj1DFaAuBAzmiC4b53fJc_QmCeMowdLrOVs24MwfAhJqShp01oGoDZstlVF9NEc2u2-s4Z27GuYJdKO0fA&amp;__tn__=*NK-y-R\">#camaradecomercio<\/a><a href=\"https:\/\/www.facebook.com\/hashtag\/elfinancierogt?__eep__=6&amp;__cft__[0]=AZUfSAUVAFwzQ5jjF2HKKWsNrsoq-Bqp8_7tnrO7JNdA0sXgCquXjGmw2P7NSq1wlPOk1Fvgo3yKGYa12JFQz0bkSXMmawAAt7FMikt43fDlQfyBpxpV8Nlp0jlncVDTtp2cV6JQ5Ajs0uxi5T5oSblKZIWUNj1DFaAuBAzmiC4b53fJc_QmCeMowdLrOVs24MwfAhJqShp01oGoDZstlVF9NEc2u2-s4Z27GuYJdKO0fA&amp;__tn__=*NK-y-R\">#elfinancierogt<\/a><\/p>\n\n\n\n<figure class=\"wp-block-gallery has-nested-images columns-default is-cropped wp-block-gallery-1 is-layout-flex wp-block-gallery-is-layout-flex\">\n<figure class=\"wp-block-image size-large\"><img loading=\"lazy\" decoding=\"async\" width=\"1024\" height=\"657\" data-id=\"99006\" src=\"https:\/\/elmetropolitano.com.gt\/es\/wp-content\/uploads\/2025\/03\/483527137_122120914598661931_6628884676728755977_n-1024x657.jpg\" alt=\"\" class=\"wp-image-99006\" srcset=\"https:\/\/elmetropolitano.com.gt\/es\/wp-content\/uploads\/2025\/03\/483527137_122120914598661931_6628884676728755977_n-1024x657.jpg 1024w, https:\/\/elmetropolitano.com.gt\/es\/wp-content\/uploads\/2025\/03\/483527137_122120914598661931_6628884676728755977_n-300x193.jpg 300w, https:\/\/elmetropolitano.com.gt\/es\/wp-content\/uploads\/2025\/03\/483527137_122120914598661931_6628884676728755977_n-768x493.jpg 768w, https:\/\/elmetropolitano.com.gt\/es\/wp-content\/uploads\/2025\/03\/483527137_122120914598661931_6628884676728755977_n.jpg 1080w\" sizes=\"auto, (max-width: 1024px) 100vw, 1024px\" \/><\/figure>\n\n\n\n<figure class=\"wp-block-image size-large\"><img loading=\"lazy\" decoding=\"async\" width=\"1024\" height=\"679\" data-id=\"99008\" src=\"https:\/\/elmetropolitano.com.gt\/es\/wp-content\/uploads\/2025\/03\/483782110_122120914586661931_2421953459333542051_n-1024x679.jpg\" alt=\"\" class=\"wp-image-99008\" srcset=\"https:\/\/elmetropolitano.com.gt\/es\/wp-content\/uploads\/2025\/03\/483782110_122120914586661931_2421953459333542051_n-1024x679.jpg 1024w, https:\/\/elmetropolitano.com.gt\/es\/wp-content\/uploads\/2025\/03\/483782110_122120914586661931_2421953459333542051_n-300x199.jpg 300w, https:\/\/elmetropolitano.com.gt\/es\/wp-content\/uploads\/2025\/03\/483782110_122120914586661931_2421953459333542051_n-768x509.jpg 768w, https:\/\/elmetropolitano.com.gt\/es\/wp-content\/uploads\/2025\/03\/483782110_122120914586661931_2421953459333542051_n.jpg 1080w\" sizes=\"auto, (max-width: 1024px) 100vw, 1024px\" \/><\/figure>\n\n\n\n<figure class=\"wp-block-image size-large\"><img loading=\"lazy\" decoding=\"async\" width=\"1024\" height=\"650\" data-id=\"99007\" src=\"https:\/\/elmetropolitano.com.gt\/es\/wp-content\/uploads\/2025\/03\/483869176_122120914508661931_2337951312913113731_n-1024x650.jpg\" alt=\"\" class=\"wp-image-99007\" srcset=\"https:\/\/elmetropolitano.com.gt\/es\/wp-content\/uploads\/2025\/03\/483869176_122120914508661931_2337951312913113731_n-1024x650.jpg 1024w, https:\/\/elmetropolitano.com.gt\/es\/wp-content\/uploads\/2025\/03\/483869176_122120914508661931_2337951312913113731_n-300x190.jpg 300w, https:\/\/elmetropolitano.com.gt\/es\/wp-content\/uploads\/2025\/03\/483869176_122120914508661931_2337951312913113731_n-768x487.jpg 768w, https:\/\/elmetropolitano.com.gt\/es\/wp-content\/uploads\/2025\/03\/483869176_122120914508661931_2337951312913113731_n.jpg 1280w\" sizes=\"auto, (max-width: 1024px) 100vw, 1024px\" \/><\/figure>\n\n\n\n<figure class=\"wp-block-image size-large\"><img loading=\"lazy\" decoding=\"async\" width=\"1024\" height=\"682\" data-id=\"99009\" src=\"https:\/\/elmetropolitano.com.gt\/es\/wp-content\/uploads\/2025\/03\/483934574_122120914502661931_1059654474988830291_n-1-1024x682.jpg\" alt=\"\" class=\"wp-image-99009\" srcset=\"https:\/\/elmetropolitano.com.gt\/es\/wp-content\/uploads\/2025\/03\/483934574_122120914502661931_1059654474988830291_n-1-1024x682.jpg 1024w, https:\/\/elmetropolitano.com.gt\/es\/wp-content\/uploads\/2025\/03\/483934574_122120914502661931_1059654474988830291_n-1-300x200.jpg 300w, https:\/\/elmetropolitano.com.gt\/es\/wp-content\/uploads\/2025\/03\/483934574_122120914502661931_1059654474988830291_n-1-768x512.jpg 768w, https:\/\/elmetropolitano.com.gt\/es\/wp-content\/uploads\/2025\/03\/483934574_122120914502661931_1059654474988830291_n-1.jpg 1280w\" sizes=\"auto, (max-width: 1024px) 100vw, 1024px\" \/><\/figure>\n\n\n\n<figure class=\"wp-block-image size-large\"><img loading=\"lazy\" decoding=\"async\" width=\"1024\" height=\"682\" data-id=\"99010\" src=\"https:\/\/elmetropolitano.com.gt\/es\/wp-content\/uploads\/2025\/03\/485059736_122120914496661931_8726942652121952867_n-1024x682.jpg\" alt=\"\" class=\"wp-image-99010\" srcset=\"https:\/\/elmetropolitano.com.gt\/es\/wp-content\/uploads\/2025\/03\/485059736_122120914496661931_8726942652121952867_n-1024x682.jpg 1024w, https:\/\/elmetropolitano.com.gt\/es\/wp-content\/uploads\/2025\/03\/485059736_122120914496661931_8726942652121952867_n-300x200.jpg 300w, https:\/\/elmetropolitano.com.gt\/es\/wp-content\/uploads\/2025\/03\/485059736_122120914496661931_8726942652121952867_n-768x512.jpg 768w, https:\/\/elmetropolitano.com.gt\/es\/wp-content\/uploads\/2025\/03\/485059736_122120914496661931_8726942652121952867_n.jpg 1280w\" sizes=\"auto, (max-width: 1024px) 100vw, 1024px\" \/><\/figure>\n<\/figure>\n","protected":false},"excerpt":{"rendered":"<p>A nivel global, solo una de cada cinco empresas exportadoras es liderada por mujeres, seg\u00fan datos del Centro de Comercio Internacional. Para abordar esta brecha y promover la inclusi\u00f3n econ\u00f3mica femenina, la Federaci\u00f3n de C\u00e1maras de Comercio del Istmo Centroamericano -FECAMCO-, a trav\u00e9s de la C\u00e1mara de Comercio de Guatemala, con el respaldo del Ministerio <a class=\"read-more\" href=\"https:\/\/elmetropolitano.com.gt\/es\/empresarias-guatemaltecas-impulsan-su-internacionalizacion-con-el-apoyo-del-mineco-camara-de-comercio-y-bac\/\">Leer m\u00e1s<\/a><\/p>\n","protected":false},"author":1,"featured_media":99005,"comment_status":"open","ping_status":"closed","sticky":false,"template":"","format":"standard","meta":{"footnotes":""},"categories":[31],"tags":[32],"class_list":["post-99004","post","type-post","status-publish","format-standard","has-post-thumbnail","hentry","category-metroimpulso","tag-metroimpulso"],"_links":{"self":[{"href":"https:\/\/elmetropolitano.com.gt\/es\/wp-json\/wp\/v2\/posts\/99004","targetHints":{"allow":["GET"]}}],"collection":[{"href":"https:\/\/elmetropolitano.com.gt\/es\/wp-json\/wp\/v2\/posts"}],"about":[{"href":"https:\/\/elmetropolitano.com.gt\/es\/wp-json\/wp\/v2\/types\/post"}],"author":[{"embeddable":true,"href":"https:\/\/elmetropolitano.com.gt\/es\/wp-json\/wp\/v2\/users\/1"}],"replies":[{"embeddable":true,"href":"https:\/\/elmetropolitano.com.gt\/es\/wp-json\/wp\/v2\/comments?post=99004"}],"version-history":[{"count":1,"href":"https:\/\/elmetropolitano.com.gt\/es\/wp-json\/wp\/v2\/posts\/99004\/revisions"}],"predecessor-version":[{"id":99011,"href":"https:\/\/elmetropolitano.com.gt\/es\/wp-json\/wp\/v2\/posts\/99004\/revisions\/99011"}],"wp:featuredmedia":[{"embeddable":true,"href":"https:\/\/elmetropolitano.com.gt\/es\/wp-json\/wp\/v2\/media\/99005"}],"wp:attachment":[{"href":"https:\/\/elmetropolitano.com.gt\/es\/wp-json\/wp\/v2\/media?parent=99004"}],"wp:term":[{"taxonomy":"category","embeddable":true,"href":"https:\/\/elmetropolitano.com.gt\/es\/wp-json\/wp\/v2\/categories?post=99004"},{"taxonomy":"post_tag","embeddable":true,"href":"https:\/\/elmetropolitano.com.gt\/es\/wp-json\/wp\/v2\/tags?post=99004"}],"curies":[{"name":"wp","href":"https:\/\/api.w.org\/{rel}","templated":true}]}}