{"id":99110,"date":"2025-03-16T09:02:06","date_gmt":"2025-03-16T15:02:06","guid":{"rendered":"https:\/\/elmetropolitano.com.gt\/es\/?p=99110"},"modified":"2025-03-16T09:02:07","modified_gmt":"2025-03-16T15:02:07","slug":"ganaderos-de-dolores-peten-se-capacitan-en-inseminacion-artificial-y-fortalecen-su-produccion","status":"publish","type":"post","link":"https:\/\/elmetropolitano.com.gt\/es\/ganaderos-de-dolores-peten-se-capacitan-en-inseminacion-artificial-y-fortalecen-su-produccion\/","title":{"rendered":"Ganaderos de Dolores, Pet\u00e9n, se capacitan en inseminaci\u00f3n artificial y fortalecen su producci\u00f3n"},"content":{"rendered":"\n<p>El segundo curso de inseminaci\u00f3n artificial, dirigido a ganaderos de la regi\u00f3n petenera, concluy\u00f3 en el municipio de Dolores, Pet\u00e9n. Durante la capacitaci\u00f3n, se imparti\u00f3 la parte pr\u00e1ctica del M\u00e9todo del Torito y el m\u00e9todo tradicional, con el objetivo de mejorar la reproducci\u00f3n del ganado y optimizar la productividad del sector pecuario.<\/p>\n\n\n\n<p>Como parte del fortalecimiento del sector, los <a><\/a>ganaderos adquirieron un termo para banco y otro para el transporte de pajillas de semen, lo que permitir\u00e1 optimizar, tanto el almacenamiento como el traslado del material gen\u00e9tico.<\/p><div class=\"elmet-contenido\" id=\"elmet-2632130059\"><div class=\"elmet-adlabel\">Anuncios<\/div><div style=\"margin-top: 20px;margin-right: 20px;margin-bottom: 20px;margin-left: 20px;\" id=\"elmet-2176047553\"><a href=\"https:\/\/www.facebook.com\/arrincuanantigua\/\" aria-label=\"cintillo-arrin-cual\"><img loading=\"lazy\" decoding=\"async\" src=\"https:\/\/elmetropolitano.com.gt\/es\/wp-content\/uploads\/2021\/11\/cintillo-arrin-cual-1.jpg\" alt=\"\"  srcset=\"https:\/\/elmetropolitano.com.gt\/es\/wp-content\/uploads\/2021\/11\/cintillo-arrin-cual-1.jpg 750w, https:\/\/elmetropolitano.com.gt\/es\/wp-content\/uploads\/2021\/11\/cintillo-arrin-cual-1-300x36.jpg 300w, https:\/\/elmetropolitano.com.gt\/es\/wp-content\/uploads\/2021\/11\/cintillo-arrin-cual-1-600x72.jpg 600w\" sizes=\"(max-width: 750px) 100vw, 750px\" width=\"750\" height=\"90\"   \/><\/a><\/div><\/div>\n\n\n\n<p>En el taller participaron 25 ganaderos, quienes fueron instruidos por personal de una de las brigadas pecuarias de la Direcci\u00f3n de Desarrollo Agropecuario (DAGRO) del Viceministerio Encargado de Asuntos del Pet\u00e9n (VIPET\u00c9N).<\/p>\n\n\n\n<p>Facilitar el acceso a infraestructura productiva, innovaci\u00f3n, tecnolog\u00eda y servicios de apoyo a la producci\u00f3n, son acciones que se impulsan tomando en cuenta que el pueblo digno es primero. Este tipo de apoyo se encuentra enmarcado en el objetivo estrat\u00e9gico n\u00famero dos del Ministerio de Agricultura, Ganader\u00eda y Alimentaci\u00f3n (MAGA<\/p>\n\n\n\n<p><a href=\"https:\/\/www.facebook.com\/hashtag\/ganaderia?__eep__=6&amp;__cft__[0]=AZXuFibxiBxrpjRER4P5wtQ0XxZOyMK5w0VLpnR5NsKYCiiWiza0TcBO2IN4MQBQGG_-8GHPpGl17CLWiGsraIKRnQzyQaUJUjOKSu60Msy6fwZdn6i86jAuKANyr2XNXIpdryjePAmtQHui38ooqY9kRqmej8HrWnfIOTEsmPxwzL6I9fWoGfckD5onGQGulg4&amp;__tn__=*NK-R\">#ganaderia<\/a><a href=\"https:\/\/www.facebook.com\/hashtag\/vipeten?__eep__=6&amp;__cft__[0]=AZXuFibxiBxrpjRER4P5wtQ0XxZOyMK5w0VLpnR5NsKYCiiWiza0TcBO2IN4MQBQGG_-8GHPpGl17CLWiGsraIKRnQzyQaUJUjOKSu60Msy6fwZdn6i86jAuKANyr2XNXIpdryjePAmtQHui38ooqY9kRqmej8HrWnfIOTEsmPxwzL6I9fWoGfckD5onGQGulg4&amp;__tn__=*NK-R\">#vipeten<\/a><a href=\"https:\/\/www.facebook.com\/hashtag\/elagrochapin?__eep__=6&amp;__cft__[0]=AZXuFibxiBxrpjRER4P5wtQ0XxZOyMK5w0VLpnR5NsKYCiiWiza0TcBO2IN4MQBQGG_-8GHPpGl17CLWiGsraIKRnQzyQaUJUjOKSu60Msy6fwZdn6i86jAuKANyr2XNXIpdryjePAmtQHui38ooqY9kRqmej8HrWnfIOTEsmPxwzL6I9fWoGfckD5onGQGulg4&amp;__tn__=*NK-R\">#Elagrochapin<\/a><a href=\"https:\/\/www.facebook.com\/hashtag\/maga?__eep__=6&amp;__cft__[0]=AZXuFibxiBxrpjRER4P5wtQ0XxZOyMK5w0VLpnR5NsKYCiiWiza0TcBO2IN4MQBQGG_-8GHPpGl17CLWiGsraIKRnQzyQaUJUjOKSu60Msy6fwZdn6i86jAuKANyr2XNXIpdryjePAmtQHui38ooqY9kRqmej8HrWnfIOTEsmPxwzL6I9fWoGfckD5onGQGulg4&amp;__tn__=*NK-R\">#MAGA<\/a><\/p>\n\n\n\n<figure class=\"wp-block-gallery has-nested-images columns-default is-cropped wp-block-gallery-1 is-layout-flex wp-block-gallery-is-layout-flex\">\n<figure class=\"wp-block-image size-large\"><img loading=\"lazy\" decoding=\"async\" width=\"936\" height=\"815\" data-id=\"99112\" src=\"https:\/\/elmetropolitano.com.gt\/es\/wp-content\/uploads\/2025\/03\/480490214_1170433925082689_3111530258014139817_n-1.jpg\" alt=\"\" class=\"wp-image-99112\" srcset=\"https:\/\/elmetropolitano.com.gt\/es\/wp-content\/uploads\/2025\/03\/480490214_1170433925082689_3111530258014139817_n-1.jpg 936w, https:\/\/elmetropolitano.com.gt\/es\/wp-content\/uploads\/2025\/03\/480490214_1170433925082689_3111530258014139817_n-1-300x261.jpg 300w, https:\/\/elmetropolitano.com.gt\/es\/wp-content\/uploads\/2025\/03\/480490214_1170433925082689_3111530258014139817_n-1-768x669.jpg 768w\" sizes=\"auto, (max-width: 936px) 100vw, 936px\" \/><\/figure>\n\n\n\n<figure class=\"wp-block-image size-large\"><img loading=\"lazy\" decoding=\"async\" width=\"1024\" height=\"618\" data-id=\"99113\" src=\"https:\/\/elmetropolitano.com.gt\/es\/wp-content\/uploads\/2025\/03\/481312523_1170434088416006_5829028138224884636_n-1024x618.jpg\" alt=\"\" class=\"wp-image-99113\" srcset=\"https:\/\/elmetropolitano.com.gt\/es\/wp-content\/uploads\/2025\/03\/481312523_1170434088416006_5829028138224884636_n-1024x618.jpg 1024w, https:\/\/elmetropolitano.com.gt\/es\/wp-content\/uploads\/2025\/03\/481312523_1170434088416006_5829028138224884636_n-300x181.jpg 300w, https:\/\/elmetropolitano.com.gt\/es\/wp-content\/uploads\/2025\/03\/481312523_1170434088416006_5829028138224884636_n-768x463.jpg 768w, https:\/\/elmetropolitano.com.gt\/es\/wp-content\/uploads\/2025\/03\/481312523_1170434088416006_5829028138224884636_n.jpg 1152w\" sizes=\"auto, (max-width: 1024px) 100vw, 1024px\" \/><\/figure>\n\n\n\n<figure class=\"wp-block-image size-large\"><img loading=\"lazy\" decoding=\"async\" width=\"1024\" height=\"683\" data-id=\"99114\" src=\"https:\/\/elmetropolitano.com.gt\/es\/wp-content\/uploads\/2025\/03\/483099386_1170434091749339_3685914616672494040_n-1024x683.jpg\" alt=\"\" class=\"wp-image-99114\" srcset=\"https:\/\/elmetropolitano.com.gt\/es\/wp-content\/uploads\/2025\/03\/483099386_1170434091749339_3685914616672494040_n-1024x683.jpg 1024w, https:\/\/elmetropolitano.com.gt\/es\/wp-content\/uploads\/2025\/03\/483099386_1170434091749339_3685914616672494040_n-300x200.jpg 300w, https:\/\/elmetropolitano.com.gt\/es\/wp-content\/uploads\/2025\/03\/483099386_1170434091749339_3685914616672494040_n-768x512.jpg 768w, https:\/\/elmetropolitano.com.gt\/es\/wp-content\/uploads\/2025\/03\/483099386_1170434091749339_3685914616672494040_n.jpg 1200w\" sizes=\"auto, (max-width: 1024px) 100vw, 1024px\" \/><\/figure>\n<\/figure>\n","protected":false},"excerpt":{"rendered":"<p>El segundo curso de inseminaci\u00f3n artificial, dirigido a ganaderos de la regi\u00f3n petenera, concluy\u00f3 en el municipio de Dolores, Pet\u00e9n. Durante la capacitaci\u00f3n, se imparti\u00f3 la parte pr\u00e1ctica del M\u00e9todo del Torito y el m\u00e9todo tradicional, con el objetivo de mejorar la reproducci\u00f3n del ganado y optimizar la productividad del sector pecuario. Como parte del <a class=\"read-more\" href=\"https:\/\/elmetropolitano.com.gt\/es\/ganaderos-de-dolores-peten-se-capacitan-en-inseminacion-artificial-y-fortalecen-su-produccion\/\">Leer m\u00e1s<\/a><\/p>\n","protected":false},"author":1,"featured_media":99111,"comment_status":"open","ping_status":"closed","sticky":false,"template":"","format":"standard","meta":{"footnotes":""},"categories":[4],"tags":[13],"class_list":["post-99110","post","type-post","status-publish","format-standard","has-post-thumbnail","hentry","category-departamentales","tag-departamentales"],"_links":{"self":[{"href":"https:\/\/elmetropolitano.com.gt\/es\/wp-json\/wp\/v2\/posts\/99110","targetHints":{"allow":["GET"]}}],"collection":[{"href":"https:\/\/elmetropolitano.com.gt\/es\/wp-json\/wp\/v2\/posts"}],"about":[{"href":"https:\/\/elmetropolitano.com.gt\/es\/wp-json\/wp\/v2\/types\/post"}],"author":[{"embeddable":true,"href":"https:\/\/elmetropolitano.com.gt\/es\/wp-json\/wp\/v2\/users\/1"}],"replies":[{"embeddable":true,"href":"https:\/\/elmetropolitano.com.gt\/es\/wp-json\/wp\/v2\/comments?post=99110"}],"version-history":[{"count":1,"href":"https:\/\/elmetropolitano.com.gt\/es\/wp-json\/wp\/v2\/posts\/99110\/revisions"}],"predecessor-version":[{"id":99115,"href":"https:\/\/elmetropolitano.com.gt\/es\/wp-json\/wp\/v2\/posts\/99110\/revisions\/99115"}],"wp:featuredmedia":[{"embeddable":true,"href":"https:\/\/elmetropolitano.com.gt\/es\/wp-json\/wp\/v2\/media\/99111"}],"wp:attachment":[{"href":"https:\/\/elmetropolitano.com.gt\/es\/wp-json\/wp\/v2\/media?parent=99110"}],"wp:term":[{"taxonomy":"category","embeddable":true,"href":"https:\/\/elmetropolitano.com.gt\/es\/wp-json\/wp\/v2\/categories?post=99110"},{"taxonomy":"post_tag","embeddable":true,"href":"https:\/\/elmetropolitano.com.gt\/es\/wp-json\/wp\/v2\/tags?post=99110"}],"curies":[{"name":"wp","href":"https:\/\/api.w.org\/{rel}","templated":true}]}}