{"id":99231,"date":"2025-03-17T14:49:49","date_gmt":"2025-03-17T20:49:49","guid":{"rendered":"https:\/\/elmetropolitano.com.gt\/es\/?p=99231"},"modified":"2025-03-17T14:49:50","modified_gmt":"2025-03-17T20:49:50","slug":"se-avizora-una-nueva-era-de-prosperidad-para-sipacate","status":"publish","type":"post","link":"https:\/\/elmetropolitano.com.gt\/es\/se-avizora-una-nueva-era-de-prosperidad-para-sipacate\/","title":{"rendered":"Se avizora una nueva era de prosperidad para Sipacate"},"content":{"rendered":"\n<p>En d\u00edas recientes el alcalde de Sipacate, Walter N\u00e1jera y su esposa Cristabel de N\u00e1jera, recibieron en el Palacio Municipal de este municipio, a la Gobernadora Departamental de Escuintla, Vivian Mayorga; al director de INGUAT, Harris Whitbeck a la ministra de Econom\u00eda, Gabriela Garc\u00eda; y a la secretaria ejecutiva de la CONRED, Claudinne Ogaldes Cruz.<\/p>\n\n\n\n<p>Durante la reuni\u00f3n, las personalidades visitantes, felicitaron a la Corporaci\u00f3n Municipal de Sipacate, por la r\u00e1pida y efectiva coordinaci\u00f3n ante la emergencia vivida en fechas recientes en el \u00e1rea de El Pared\u00f3n, destac\u00e1ndose la uni\u00f3n entre municipalidad, cuerpos de socorro y el sector privado de la regi\u00f3n.<\/p><div class=\"elmet-contenido\" id=\"elmet-674878295\"><div class=\"elmet-adlabel\">Anuncios<\/div><div style=\"margin-top: 20px;margin-right: 20px;margin-bottom: 20px;margin-left: 20px;\" id=\"elmet-1429545940\"><a href=\"https:\/\/www.facebook.com\/arrincuanantigua\/\" aria-label=\"cintillo-arrin-cual\"><img loading=\"lazy\" decoding=\"async\" src=\"https:\/\/elmetropolitano.com.gt\/es\/wp-content\/uploads\/2021\/11\/cintillo-arrin-cual-1.jpg\" alt=\"\"  srcset=\"https:\/\/elmetropolitano.com.gt\/es\/wp-content\/uploads\/2021\/11\/cintillo-arrin-cual-1.jpg 750w, https:\/\/elmetropolitano.com.gt\/es\/wp-content\/uploads\/2021\/11\/cintillo-arrin-cual-1-300x36.jpg 300w, https:\/\/elmetropolitano.com.gt\/es\/wp-content\/uploads\/2021\/11\/cintillo-arrin-cual-1-600x72.jpg 600w\" sizes=\"(max-width: 750px) 100vw, 750px\" width=\"750\" height=\"90\"   \/><\/a><\/div><\/div>\n\n\n\n<p>Ya que la comuna dirigida por N\u00e1jera, se esforz\u00f3 de manera eficiente y humana para dar una respuesta inmediata a las familias afectadas por el voraz siniestro que arras\u00f3 con todo, dejando a los vecinos en el desconsuele y la aflicci\u00f3n, destac\u00e1ndose entonces especialmente la entrega de materiales de construcci\u00f3n como un apoyo clave para la reconstrucci\u00f3n de los hogares de los vecinos de este lugar.<\/p>\n\n\n\n<p>Uno de los avances m\u00e1s importantes de esta reuni\u00f3n fue abrir mesas de di\u00e1logo, para trabajar en el ordenamiento y modernizaci\u00f3n del tema tur\u00edstico de El Pared\u00f3n, en conjunto con <a href=\"https:\/\/www.facebook.com\/inguatoficial?__cft__%5b0%5d=AZVvBDxZlAT7cpnC0lo7tI7vDjpY2tyABzyJc7Wy2OgUlU69Xw8f1Yq5-GPQU9wl86Ah-Zm_Mig194s3ocb1O8RZpkx5EwQTQmEsBrxNcRTJrf-yAO4T7uIO3qw0EJ8xcY8QgsSlph0rgY2z17r5IhADHx0wtVKE0-TVuhL-PtCQ8suBzQIjsDZkDB1QboiyX4I&amp;__tn__=-%5dK-R\">INGUAT<\/a> y el <a href=\"https:\/\/www.facebook.com\/guatemalagob?__cft__%5b0%5d=AZVvBDxZlAT7cpnC0lo7tI7vDjpY2tyABzyJc7Wy2OgUlU69Xw8f1Yq5-GPQU9wl86Ah-Zm_Mig194s3ocb1O8RZpkx5EwQTQmEsBrxNcRTJrf-yAO4T7uIO3qw0EJ8xcY8QgsSlph0rgY2z17r5IhADHx0wtVKE0-TVuhL-PtCQ8suBzQIjsDZkDB1QboiyX4I&amp;__tn__=-%5dK-R\">Gobierno de Guatemala<\/a>, pues &nbsp;La visi\u00f3n es clara: Lograr que el Gobierno de la Rep\u00fablica invierta los recursos necesarios &nbsp;en el desarrollo tur\u00edstico de Sipacate.<\/p>\n\n\n\n<p>Desde la Municipalidad de Sipacate, se reitera la firme disposici\u00f3n para facilitar los espacios de socializaci\u00f3n con l\u00edderes comunitarios, poblaci\u00f3n, inversionistas hoteleros, restauranteros y propietarios de casas Airbnb.<\/p>\n\n\n\n<p>El gobierno municipal del alcalde Walter N\u00e1jera, cree firmemente en el turismo como una oportunidad de crecimiento y desarrollo, por esta raz\u00f3n la comuna esta siempre lista y dispuesta para trabajar de la mano con el Gobierno y el sector privado para hacer de Sipacate un destino atractivo para el turismo nacional e internacional. a\u00fan m\u00e1s pr\u00f3spero.<\/p>\n\n\n\n<p>Texto: Oscar Villalobos<\/p>\n\n\n\n<p>#sipacate #walternajera #conred #paredon #metroredes<\/p>\n\n\n\n<figure class=\"wp-block-gallery has-nested-images columns-default is-cropped wp-block-gallery-1 is-layout-flex wp-block-gallery-is-layout-flex\">\n<figure class=\"wp-block-image size-large\"><img loading=\"lazy\" decoding=\"async\" width=\"1024\" height=\"575\" data-id=\"99233\" src=\"https:\/\/elmetropolitano.com.gt\/es\/wp-content\/uploads\/2025\/03\/479412443_1206931810796115_38557371401865360_n-1-1024x575.jpg\" alt=\"\" class=\"wp-image-99233\" srcset=\"https:\/\/elmetropolitano.com.gt\/es\/wp-content\/uploads\/2025\/03\/479412443_1206931810796115_38557371401865360_n-1-1024x575.jpg 1024w, https:\/\/elmetropolitano.com.gt\/es\/wp-content\/uploads\/2025\/03\/479412443_1206931810796115_38557371401865360_n-1-300x168.jpg 300w, https:\/\/elmetropolitano.com.gt\/es\/wp-content\/uploads\/2025\/03\/479412443_1206931810796115_38557371401865360_n-1-768x431.jpg 768w, https:\/\/elmetropolitano.com.gt\/es\/wp-content\/uploads\/2025\/03\/479412443_1206931810796115_38557371401865360_n-1.jpg 1440w\" sizes=\"auto, (max-width: 1024px) 100vw, 1024px\" \/><\/figure>\n\n\n\n<figure class=\"wp-block-image size-large\"><img loading=\"lazy\" decoding=\"async\" width=\"1024\" height=\"664\" data-id=\"99234\" src=\"https:\/\/elmetropolitano.com.gt\/es\/wp-content\/uploads\/2025\/03\/480463709_1206932450796051_8141826715249591923_n-1024x664.jpg\" alt=\"\" class=\"wp-image-99234\" srcset=\"https:\/\/elmetropolitano.com.gt\/es\/wp-content\/uploads\/2025\/03\/480463709_1206932450796051_8141826715249591923_n-1024x664.jpg 1024w, https:\/\/elmetropolitano.com.gt\/es\/wp-content\/uploads\/2025\/03\/480463709_1206932450796051_8141826715249591923_n-300x195.jpg 300w, https:\/\/elmetropolitano.com.gt\/es\/wp-content\/uploads\/2025\/03\/480463709_1206932450796051_8141826715249591923_n-768x498.jpg 768w, https:\/\/elmetropolitano.com.gt\/es\/wp-content\/uploads\/2025\/03\/480463709_1206932450796051_8141826715249591923_n.jpg 1440w\" sizes=\"auto, (max-width: 1024px) 100vw, 1024px\" \/><\/figure>\n\n\n\n<figure class=\"wp-block-image size-large\"><img loading=\"lazy\" decoding=\"async\" width=\"1024\" height=\"768\" data-id=\"99235\" src=\"https:\/\/elmetropolitano.com.gt\/es\/wp-content\/uploads\/2025\/03\/480477409_1206932550796041_7272610743641998451_n-1024x768.jpg\" alt=\"\" class=\"wp-image-99235\" srcset=\"https:\/\/elmetropolitano.com.gt\/es\/wp-content\/uploads\/2025\/03\/480477409_1206932550796041_7272610743641998451_n-1024x768.jpg 1024w, https:\/\/elmetropolitano.com.gt\/es\/wp-content\/uploads\/2025\/03\/480477409_1206932550796041_7272610743641998451_n-300x225.jpg 300w, https:\/\/elmetropolitano.com.gt\/es\/wp-content\/uploads\/2025\/03\/480477409_1206932550796041_7272610743641998451_n-768x576.jpg 768w, https:\/\/elmetropolitano.com.gt\/es\/wp-content\/uploads\/2025\/03\/480477409_1206932550796041_7272610743641998451_n.jpg 1440w\" sizes=\"auto, (max-width: 1024px) 100vw, 1024px\" \/><\/figure>\n\n\n\n<figure class=\"wp-block-image size-large\"><img loading=\"lazy\" decoding=\"async\" width=\"1024\" height=\"576\" data-id=\"99236\" src=\"https:\/\/elmetropolitano.com.gt\/es\/wp-content\/uploads\/2025\/03\/480583172_1206932490796047_9014988176195638155_n-1024x576.jpg\" alt=\"\" class=\"wp-image-99236\" srcset=\"https:\/\/elmetropolitano.com.gt\/es\/wp-content\/uploads\/2025\/03\/480583172_1206932490796047_9014988176195638155_n-1024x576.jpg 1024w, https:\/\/elmetropolitano.com.gt\/es\/wp-content\/uploads\/2025\/03\/480583172_1206932490796047_9014988176195638155_n-300x169.jpg 300w, https:\/\/elmetropolitano.com.gt\/es\/wp-content\/uploads\/2025\/03\/480583172_1206932490796047_9014988176195638155_n-768x432.jpg 768w, https:\/\/elmetropolitano.com.gt\/es\/wp-content\/uploads\/2025\/03\/480583172_1206932490796047_9014988176195638155_n.jpg 1440w\" sizes=\"auto, (max-width: 1024px) 100vw, 1024px\" \/><\/figure>\n\n\n\n<figure class=\"wp-block-image size-large\"><img loading=\"lazy\" decoding=\"async\" width=\"1024\" height=\"768\" data-id=\"99237\" src=\"https:\/\/elmetropolitano.com.gt\/es\/wp-content\/uploads\/2025\/03\/480603286_1206932614129368_627908480036282803_n-1024x768.jpg\" alt=\"\" class=\"wp-image-99237\" srcset=\"https:\/\/elmetropolitano.com.gt\/es\/wp-content\/uploads\/2025\/03\/480603286_1206932614129368_627908480036282803_n-1024x768.jpg 1024w, https:\/\/elmetropolitano.com.gt\/es\/wp-content\/uploads\/2025\/03\/480603286_1206932614129368_627908480036282803_n-300x225.jpg 300w, https:\/\/elmetropolitano.com.gt\/es\/wp-content\/uploads\/2025\/03\/480603286_1206932614129368_627908480036282803_n-768x576.jpg 768w, https:\/\/elmetropolitano.com.gt\/es\/wp-content\/uploads\/2025\/03\/480603286_1206932614129368_627908480036282803_n.jpg 1440w\" sizes=\"auto, (max-width: 1024px) 100vw, 1024px\" \/><\/figure>\n<\/figure>\n","protected":false},"excerpt":{"rendered":"<p>En d\u00edas recientes el alcalde de Sipacate, Walter N\u00e1jera y su esposa Cristabel de N\u00e1jera, recibieron en el Palacio Municipal de este municipio, a la Gobernadora Departamental de Escuintla, Vivian Mayorga; al director de INGUAT, Harris Whitbeck a la ministra de Econom\u00eda, Gabriela Garc\u00eda; y a la secretaria ejecutiva de la CONRED, Claudinne Ogaldes Cruz. <a class=\"read-more\" href=\"https:\/\/elmetropolitano.com.gt\/es\/se-avizora-una-nueva-era-de-prosperidad-para-sipacate\/\">Leer m\u00e1s<\/a><\/p>\n","protected":false},"author":1,"featured_media":99232,"comment_status":"open","ping_status":"closed","sticky":false,"template":"","format":"standard","meta":{"footnotes":""},"categories":[4],"tags":[13],"class_list":["post-99231","post","type-post","status-publish","format-standard","has-post-thumbnail","hentry","category-departamentales","tag-departamentales"],"_links":{"self":[{"href":"https:\/\/elmetropolitano.com.gt\/es\/wp-json\/wp\/v2\/posts\/99231","targetHints":{"allow":["GET"]}}],"collection":[{"href":"https:\/\/elmetropolitano.com.gt\/es\/wp-json\/wp\/v2\/posts"}],"about":[{"href":"https:\/\/elmetropolitano.com.gt\/es\/wp-json\/wp\/v2\/types\/post"}],"author":[{"embeddable":true,"href":"https:\/\/elmetropolitano.com.gt\/es\/wp-json\/wp\/v2\/users\/1"}],"replies":[{"embeddable":true,"href":"https:\/\/elmetropolitano.com.gt\/es\/wp-json\/wp\/v2\/comments?post=99231"}],"version-history":[{"count":1,"href":"https:\/\/elmetropolitano.com.gt\/es\/wp-json\/wp\/v2\/posts\/99231\/revisions"}],"predecessor-version":[{"id":99238,"href":"https:\/\/elmetropolitano.com.gt\/es\/wp-json\/wp\/v2\/posts\/99231\/revisions\/99238"}],"wp:featuredmedia":[{"embeddable":true,"href":"https:\/\/elmetropolitano.com.gt\/es\/wp-json\/wp\/v2\/media\/99232"}],"wp:attachment":[{"href":"https:\/\/elmetropolitano.com.gt\/es\/wp-json\/wp\/v2\/media?parent=99231"}],"wp:term":[{"taxonomy":"category","embeddable":true,"href":"https:\/\/elmetropolitano.com.gt\/es\/wp-json\/wp\/v2\/categories?post=99231"},{"taxonomy":"post_tag","embeddable":true,"href":"https:\/\/elmetropolitano.com.gt\/es\/wp-json\/wp\/v2\/tags?post=99231"}],"curies":[{"name":"wp","href":"https:\/\/api.w.org\/{rel}","templated":true}]}}