{"id":99245,"date":"2025-03-17T14:54:34","date_gmt":"2025-03-17T20:54:34","guid":{"rendered":"https:\/\/elmetropolitano.com.gt\/es\/?p=99245"},"modified":"2025-03-17T14:54:35","modified_gmt":"2025-03-17T20:54:35","slug":"santo-tomas-de-castilla-alcanza-11-5-metros-de-profundidad-tras-dragado-estrategico","status":"publish","type":"post","link":"https:\/\/elmetropolitano.com.gt\/es\/santo-tomas-de-castilla-alcanza-11-5-metros-de-profundidad-tras-dragado-estrategico\/","title":{"rendered":"Santo Tom\u00e1s de Castilla alcanza 11.5 metros de profundidad tras dragado estrat\u00e9gico"},"content":{"rendered":"\n<p>El presidente de la Junta Directiva de la Empresa Portuaria Nacional Santo Tom\u00e1s de Castilla (Empornac), Jos\u00e9 de la Pe\u00f1a Aguilar, particip\u00f3 este lunes en la conferencia de Prensa de los Lunes en el Palacio Nacional , donde se refiri\u00f3 a las mejoras que se hacen en la portuaria como el dragado<\/p>\n\n\n\n<p>Este <a><\/a>proyecto forma parte de las estrategias del gobierno del presidente Bernardo Ar\u00e9valo para fortalecer la infraestructura del pa\u00eds, con un enfoque especial en los puertos.<\/p><div class=\"elmet-contenido\" id=\"elmet-296125246\"><div class=\"elmet-adlabel\">Anuncios<\/div><div style=\"margin-top: 20px;margin-right: 20px;margin-bottom: 20px;margin-left: 20px;\" id=\"elmet-2478301124\"><a href=\"https:\/\/www.facebook.com\/arrincuanantigua\/\" aria-label=\"cintillo-arrin-cual\"><img loading=\"lazy\" decoding=\"async\" src=\"https:\/\/elmetropolitano.com.gt\/es\/wp-content\/uploads\/2021\/11\/cintillo-arrin-cual-1.jpg\" alt=\"\"  srcset=\"https:\/\/elmetropolitano.com.gt\/es\/wp-content\/uploads\/2021\/11\/cintillo-arrin-cual-1.jpg 750w, https:\/\/elmetropolitano.com.gt\/es\/wp-content\/uploads\/2021\/11\/cintillo-arrin-cual-1-300x36.jpg 300w, https:\/\/elmetropolitano.com.gt\/es\/wp-content\/uploads\/2021\/11\/cintillo-arrin-cual-1-600x72.jpg 600w\" sizes=\"(max-width: 750px) 100vw, 750px\" width=\"750\" height=\"90\"   \/><\/a><\/div><\/div>\n\n\n\n<p>Santo Tom\u00e1s de Castilla, clave en el comercio exterior, es un punto estrat\u00e9gico en este plan. La administraci\u00f3n actual ha impulsado una serie de mejoras para optimizar su operatividad y fortalecer su competitividad a nivel nacional e internacional.<\/p>\n\n\n\n<p>Durante tres a\u00f1os consecutivos, la Empresa Portuaria Nacional Santo Tom\u00e1s de Castilla enfrent\u00f3 una severa crisis financiera, sin registrar utilidades. Sin embargo, el a\u00f1o pasado logr\u00f3 revertir esta situaci\u00f3n, alcanzando estabilidad y crecimiento econ\u00f3mico.<\/p>\n\n\n\n<p>Adem\u00e1s, el puerto pas\u00f3 de ocupar el \u00faltimo lugar en desempe\u00f1o dentro del sistema portuario nacional a posicionarse como el l\u00edder del pa\u00eds. Este avance responde a una serie de medidas estrat\u00e9gicas orientadas a la modernizaci\u00f3n de su infraestructura y la optimizaci\u00f3n de las operaciones.<\/p>\n\n\n\n<p>Mejoras en la infraestructura portuaria<\/p>\n\n\n\n<p>El desarrollo del puerto no se limit\u00f3 a la adquisici\u00f3n de nueva maquinaria o la ampliaci\u00f3n de su muelle, sino que incluy\u00f3 trabajos t\u00e9cnicos de gran impacto. Uno de los principales avances fue la correcci\u00f3n de la profundidad de los atracaderos.<\/p>\n\n\n\n<p>Anteriormente, uno de los atracaderos ten\u00eda una profundidad de 7.5 metros en su parte inicial, aumentando a 9.5 metros en su extremo final. Para optimizar su operatividad, se hizo un dragado que permiti\u00f3 alcanzar 11.5 metros de profundidad en los muelles y 12.5 metros en el canal de acceso.<\/p>\n\n\n\n<p>Adem\u00e1s del dragado, la empresa portuaria estableci\u00f3 acuerdos con compa\u00f1\u00edas internacionales, fortaleciendo su capacidad operativa y su posici\u00f3n en el comercio exterior.<\/p>\n\n\n\n<p>Gracias a estas acciones, actualmente el puerto cuenta con profundidades que lo convierten en un aliado estrat\u00e9gico para la exportaci\u00f3n e importaci\u00f3n de mercanc\u00edas. Esto permite la llegada de embarcaciones de mayor calado, optimizando los costos log\u00edsticos y aumentando la eficiencia en el manejo de carga.<\/p>\n\n\n\n<p>Compromiso del Gobierno con el desarrollo portuario<\/p>\n\n\n\n<p>El gobierno del presidente Bernardo Ar\u00e9valo ha enfatizado su compromiso con la modernizaci\u00f3n de la infraestructura nacional. La transformaci\u00f3n de Santo Tom\u00e1s de Castilla es un claro ejemplo de esta visi\u00f3n, priorizando proyectos que generen impacto econ\u00f3mico y fortalezcan la competitividad del pa\u00eds.<\/p>\n\n\n\n<p>El puerto sigue avanzando en su proceso de mejora continua, consolid\u00e1ndose como un referente en la regi\u00f3n y contribuyendo al desarrollo del comercio mar\u00edtimo en Guatemala.<\/p>\n\n\n\n<p><a href=\"https:\/\/www.facebook.com\/hashtag\/empornac?__eep__=6&amp;__cft__[0]=AZWY1UcHx4_29k9LbvR9WeUTedSVNHgfX3yAvXqlz_zTNAHKvXfHdcXqMopvUSdqmFjmfQ3SFRTIUfr2l5fID0WQxxzXB4ynM0xGRRlP9EsoIVUCoijH-n36KnpwtsVQtaTNSJUJr5Yfq8Y48nGWAhvSI6WTGiDC7sTlcrQ70WFu7X0jMqW6M_04icapjHcwH7Q&amp;__tn__=*NK-R\">#EMPORNAC<\/a><a href=\"https:\/\/www.facebook.com\/hashtag\/metroredes?__eep__=6&amp;__cft__[0]=AZWY1UcHx4_29k9LbvR9WeUTedSVNHgfX3yAvXqlz_zTNAHKvXfHdcXqMopvUSdqmFjmfQ3SFRTIUfr2l5fID0WQxxzXB4ynM0xGRRlP9EsoIVUCoijH-n36KnpwtsVQtaTNSJUJr5Yfq8Y48nGWAhvSI6WTGiDC7sTlcrQ70WFu7X0jMqW6M_04icapjHcwH7Q&amp;__tn__=*NK-R\">#metroredes<\/a><\/p>\n","protected":false},"excerpt":{"rendered":"<p>El presidente de la Junta Directiva de la Empresa Portuaria Nacional Santo Tom\u00e1s de Castilla (Empornac), Jos\u00e9 de la Pe\u00f1a Aguilar, particip\u00f3 este lunes en la conferencia de Prensa de los Lunes en el Palacio Nacional , donde se refiri\u00f3 a las mejoras que se hacen en la portuaria como el dragado Este proyecto forma <a class=\"read-more\" href=\"https:\/\/elmetropolitano.com.gt\/es\/santo-tomas-de-castilla-alcanza-11-5-metros-de-profundidad-tras-dragado-estrategico\/\">Leer m\u00e1s<\/a><\/p>\n","protected":false},"author":1,"featured_media":99246,"comment_status":"open","ping_status":"closed","sticky":false,"template":"","format":"standard","meta":{"footnotes":""},"categories":[4],"tags":[13],"class_list":["post-99245","post","type-post","status-publish","format-standard","has-post-thumbnail","hentry","category-departamentales","tag-departamentales"],"_links":{"self":[{"href":"https:\/\/elmetropolitano.com.gt\/es\/wp-json\/wp\/v2\/posts\/99245","targetHints":{"allow":["GET"]}}],"collection":[{"href":"https:\/\/elmetropolitano.com.gt\/es\/wp-json\/wp\/v2\/posts"}],"about":[{"href":"https:\/\/elmetropolitano.com.gt\/es\/wp-json\/wp\/v2\/types\/post"}],"author":[{"embeddable":true,"href":"https:\/\/elmetropolitano.com.gt\/es\/wp-json\/wp\/v2\/users\/1"}],"replies":[{"embeddable":true,"href":"https:\/\/elmetropolitano.com.gt\/es\/wp-json\/wp\/v2\/comments?post=99245"}],"version-history":[{"count":1,"href":"https:\/\/elmetropolitano.com.gt\/es\/wp-json\/wp\/v2\/posts\/99245\/revisions"}],"predecessor-version":[{"id":99247,"href":"https:\/\/elmetropolitano.com.gt\/es\/wp-json\/wp\/v2\/posts\/99245\/revisions\/99247"}],"wp:featuredmedia":[{"embeddable":true,"href":"https:\/\/elmetropolitano.com.gt\/es\/wp-json\/wp\/v2\/media\/99246"}],"wp:attachment":[{"href":"https:\/\/elmetropolitano.com.gt\/es\/wp-json\/wp\/v2\/media?parent=99245"}],"wp:term":[{"taxonomy":"category","embeddable":true,"href":"https:\/\/elmetropolitano.com.gt\/es\/wp-json\/wp\/v2\/categories?post=99245"},{"taxonomy":"post_tag","embeddable":true,"href":"https:\/\/elmetropolitano.com.gt\/es\/wp-json\/wp\/v2\/tags?post=99245"}],"curies":[{"name":"wp","href":"https:\/\/api.w.org\/{rel}","templated":true}]}}