{"id":99259,"date":"2025-03-17T20:33:47","date_gmt":"2025-03-18T02:33:47","guid":{"rendered":"https:\/\/elmetropolitano.com.gt\/es\/?p=99259"},"modified":"2025-03-17T20:33:53","modified_gmt":"2025-03-18T02:33:53","slug":"autopista-palin-escuintla-muestra-grandes-avances","status":"publish","type":"post","link":"https:\/\/elmetropolitano.com.gt\/es\/autopista-palin-escuintla-muestra-grandes-avances\/","title":{"rendered":"Autopista Pal\u00edn-Escuintla muestra grandes avances"},"content":{"rendered":"\n<p>Durante el fin de semana Caminos del Ministerio de Comunicaciones, Infraestructura y Vivienda (CIV) confirm\u00f3 que se continu\u00f3 avanzando en los trabajos de recuperaci\u00f3n de la autopista Pal\u00edn-Escuintla.<\/p>\n\n\n\n<p>De <a><\/a>esta manera, las labores avanzan en sus etapas finales, en b\u00fasqueda de cumplir con el plazo de finalizaci\u00f3n antes de que termine el mes de marzo.<\/p><div class=\"elmet-contenido\" id=\"elmet-1028257815\"><div class=\"elmet-adlabel\">Anuncios<\/div><div style=\"margin-top: 20px;margin-right: 20px;margin-bottom: 20px;margin-left: 20px;\" id=\"elmet-158131913\"><a href=\"https:\/\/www.facebook.com\/arrincuanantigua\/\" aria-label=\"cintillo-arrin-cual\"><img loading=\"lazy\" decoding=\"async\" src=\"https:\/\/elmetropolitano.com.gt\/es\/wp-content\/uploads\/2021\/11\/cintillo-arrin-cual-1.jpg\" alt=\"\"  srcset=\"https:\/\/elmetropolitano.com.gt\/es\/wp-content\/uploads\/2021\/11\/cintillo-arrin-cual-1.jpg 750w, https:\/\/elmetropolitano.com.gt\/es\/wp-content\/uploads\/2021\/11\/cintillo-arrin-cual-1-300x36.jpg 300w, https:\/\/elmetropolitano.com.gt\/es\/wp-content\/uploads\/2021\/11\/cintillo-arrin-cual-1-600x72.jpg 600w\" sizes=\"(max-width: 750px) 100vw, 750px\" width=\"750\" height=\"90\"   \/><\/a><\/div><\/div>\n\n\n\n<p>En que se avanz\u00f3 para la reparaci\u00f3n del kil\u00f3metro 44 de la autopista Pal\u00edn-Escuintla<\/p>\n\n\n\n<p>Caminos explic\u00f3 que durante el fin de semana, en el que se trabaj\u00f3 durante los d\u00edas se avanz\u00f3 en:<\/p>\n\n\n\n<p>-Colocaci\u00f3n de la tercera capa de asfalto en el carril 1 del lado izquierdo.<\/p>\n\n\n\n<p>-Ajuste de la subbase y estabilizaci\u00f3n de la base en el carril 2 del lado izquierdo.<\/p>\n\n\n\n<p>-Relleno y colocaci\u00f3n del bordillo del arriate central.<\/p>\n\n\n\n<p>-Relleno estructural del muro MSE.<\/p>\n\n\n\n<p>El pasado 12 de marzo, el ministro D\u00edaz Bobadilla supervis\u00f3 personalmente los avances de la obra e indic\u00f3 que ya se contaba con un avance f\u00edsico del 83%, porcentaje que ya aument\u00f3 con los trabajos del fin de semana.<\/p>\n\n\n\n<p>De esta manera, las labores avanzan con el fin de alcanzar la meta trazada de entregar el paso recuperado previo a la Semana Santa y as\u00ed atender el aumento de personas que transitan por el sector en b\u00fasqueda de las playas de la Costa Sur.<\/p>\n\n\n\n<p>Texto: Juan Manuel Vega<\/p>\n\n\n\n<p><a href=\"https:\/\/www.facebook.com\/hashtag\/autopistapalinescuintla?__eep__=6&amp;__cft__[0]=AZVVANZyqKjh-e54-0Kah3xmkSOy3lC1SRKbivfpxa-2RmIRR7bkN2uqtHfzQgFUxUHlIECD450YAqzMHZxEi-agYoF_4RR0juz7yYbLIqvlw1XaRZaaG61o8b-q8nJPjPtjpubBiYz_2SsDuK0EDiqTs-6ZAdFpcKsSL4pdYZh3eU2aEG_zJL5lsJZrF8DpS0s&amp;__tn__=*NK-R\">#autopistapalinescuintla<\/a><a href=\"https:\/\/www.facebook.com\/hashtag\/civ?__eep__=6&amp;__cft__[0]=AZVVANZyqKjh-e54-0Kah3xmkSOy3lC1SRKbivfpxa-2RmIRR7bkN2uqtHfzQgFUxUHlIECD450YAqzMHZxEi-agYoF_4RR0juz7yYbLIqvlw1XaRZaaG61o8b-q8nJPjPtjpubBiYz_2SsDuK0EDiqTs-6ZAdFpcKsSL4pdYZh3eU2aEG_zJL5lsJZrF8DpS0s&amp;__tn__=*NK-R\">#Civ<\/a><a href=\"https:\/\/www.facebook.com\/hashtag\/metroredes?__eep__=6&amp;__cft__[0]=AZVVANZyqKjh-e54-0Kah3xmkSOy3lC1SRKbivfpxa-2RmIRR7bkN2uqtHfzQgFUxUHlIECD450YAqzMHZxEi-agYoF_4RR0juz7yYbLIqvlw1XaRZaaG61o8b-q8nJPjPtjpubBiYz_2SsDuK0EDiqTs-6ZAdFpcKsSL4pdYZh3eU2aEG_zJL5lsJZrF8DpS0s&amp;__tn__=*NK-R\">#metroredes<\/a><\/p>\n\n\n\n<figure class=\"wp-block-gallery has-nested-images columns-default is-cropped wp-block-gallery-1 is-layout-flex wp-block-gallery-is-layout-flex\">\n<figure class=\"wp-block-image size-large\"><img loading=\"lazy\" decoding=\"async\" width=\"1024\" height=\"576\" data-id=\"99261\" src=\"https:\/\/elmetropolitano.com.gt\/es\/wp-content\/uploads\/2025\/03\/480602101_1171719408287474_6552890977970618211_n-1-1024x576.jpg\" alt=\"\" class=\"wp-image-99261\" srcset=\"https:\/\/elmetropolitano.com.gt\/es\/wp-content\/uploads\/2025\/03\/480602101_1171719408287474_6552890977970618211_n-1-1024x576.jpg 1024w, https:\/\/elmetropolitano.com.gt\/es\/wp-content\/uploads\/2025\/03\/480602101_1171719408287474_6552890977970618211_n-1-300x169.jpg 300w, https:\/\/elmetropolitano.com.gt\/es\/wp-content\/uploads\/2025\/03\/480602101_1171719408287474_6552890977970618211_n-1-768x432.jpg 768w, https:\/\/elmetropolitano.com.gt\/es\/wp-content\/uploads\/2025\/03\/480602101_1171719408287474_6552890977970618211_n-1.jpg 1500w\" sizes=\"auto, (max-width: 1024px) 100vw, 1024px\" \/><\/figure>\n\n\n\n<figure class=\"wp-block-image size-large\"><img loading=\"lazy\" decoding=\"async\" width=\"1024\" height=\"576\" data-id=\"99265\" src=\"https:\/\/elmetropolitano.com.gt\/es\/wp-content\/uploads\/2025\/03\/480963867_1171719424954139_3140402809508789925_n-1024x576.jpg\" alt=\"\" class=\"wp-image-99265\" srcset=\"https:\/\/elmetropolitano.com.gt\/es\/wp-content\/uploads\/2025\/03\/480963867_1171719424954139_3140402809508789925_n-1024x576.jpg 1024w, https:\/\/elmetropolitano.com.gt\/es\/wp-content\/uploads\/2025\/03\/480963867_1171719424954139_3140402809508789925_n-300x169.jpg 300w, https:\/\/elmetropolitano.com.gt\/es\/wp-content\/uploads\/2025\/03\/480963867_1171719424954139_3140402809508789925_n-768x432.jpg 768w, https:\/\/elmetropolitano.com.gt\/es\/wp-content\/uploads\/2025\/03\/480963867_1171719424954139_3140402809508789925_n.jpg 1500w\" sizes=\"auto, (max-width: 1024px) 100vw, 1024px\" \/><\/figure>\n\n\n\n<figure class=\"wp-block-image size-large\"><img loading=\"lazy\" decoding=\"async\" width=\"1024\" height=\"576\" data-id=\"99263\" src=\"https:\/\/elmetropolitano.com.gt\/es\/wp-content\/uploads\/2025\/03\/481124244_1171719438287471_1482801315521493188_n-1024x576.jpg\" alt=\"\" class=\"wp-image-99263\" srcset=\"https:\/\/elmetropolitano.com.gt\/es\/wp-content\/uploads\/2025\/03\/481124244_1171719438287471_1482801315521493188_n-1024x576.jpg 1024w, https:\/\/elmetropolitano.com.gt\/es\/wp-content\/uploads\/2025\/03\/481124244_1171719438287471_1482801315521493188_n-300x169.jpg 300w, https:\/\/elmetropolitano.com.gt\/es\/wp-content\/uploads\/2025\/03\/481124244_1171719438287471_1482801315521493188_n-768x432.jpg 768w, https:\/\/elmetropolitano.com.gt\/es\/wp-content\/uploads\/2025\/03\/481124244_1171719438287471_1482801315521493188_n.jpg 1500w\" sizes=\"auto, (max-width: 1024px) 100vw, 1024px\" \/><\/figure>\n\n\n\n<figure class=\"wp-block-image size-large\"><img loading=\"lazy\" decoding=\"async\" width=\"1024\" height=\"576\" data-id=\"99264\" src=\"https:\/\/elmetropolitano.com.gt\/es\/wp-content\/uploads\/2025\/03\/481292244_1171719468287468_1520263043769265181_n-1024x576.jpg\" alt=\"\" class=\"wp-image-99264\" srcset=\"https:\/\/elmetropolitano.com.gt\/es\/wp-content\/uploads\/2025\/03\/481292244_1171719468287468_1520263043769265181_n-1024x576.jpg 1024w, https:\/\/elmetropolitano.com.gt\/es\/wp-content\/uploads\/2025\/03\/481292244_1171719468287468_1520263043769265181_n-300x169.jpg 300w, https:\/\/elmetropolitano.com.gt\/es\/wp-content\/uploads\/2025\/03\/481292244_1171719468287468_1520263043769265181_n-768x432.jpg 768w, https:\/\/elmetropolitano.com.gt\/es\/wp-content\/uploads\/2025\/03\/481292244_1171719468287468_1520263043769265181_n.jpg 1500w\" sizes=\"auto, (max-width: 1024px) 100vw, 1024px\" \/><\/figure>\n\n\n\n<figure class=\"wp-block-image size-large\"><img loading=\"lazy\" decoding=\"async\" width=\"1024\" height=\"576\" data-id=\"99262\" src=\"https:\/\/elmetropolitano.com.gt\/es\/wp-content\/uploads\/2025\/03\/485192989_1171719404954141_5695977600507095337_n-1024x576.jpg\" alt=\"\" class=\"wp-image-99262\" srcset=\"https:\/\/elmetropolitano.com.gt\/es\/wp-content\/uploads\/2025\/03\/485192989_1171719404954141_5695977600507095337_n-1024x576.jpg 1024w, https:\/\/elmetropolitano.com.gt\/es\/wp-content\/uploads\/2025\/03\/485192989_1171719404954141_5695977600507095337_n-300x169.jpg 300w, https:\/\/elmetropolitano.com.gt\/es\/wp-content\/uploads\/2025\/03\/485192989_1171719404954141_5695977600507095337_n-768x432.jpg 768w, https:\/\/elmetropolitano.com.gt\/es\/wp-content\/uploads\/2025\/03\/485192989_1171719404954141_5695977600507095337_n.jpg 1500w\" sizes=\"auto, (max-width: 1024px) 100vw, 1024px\" \/><\/figure>\n<\/figure>\n","protected":false},"excerpt":{"rendered":"<p>Durante el fin de semana Caminos del Ministerio de Comunicaciones, Infraestructura y Vivienda (CIV) confirm\u00f3 que se continu\u00f3 avanzando en los trabajos de recuperaci\u00f3n de la autopista Pal\u00edn-Escuintla. De esta manera, las labores avanzan en sus etapas finales, en b\u00fasqueda de cumplir con el plazo de finalizaci\u00f3n antes de que termine el mes de marzo. <a class=\"read-more\" href=\"https:\/\/elmetropolitano.com.gt\/es\/autopista-palin-escuintla-muestra-grandes-avances\/\">Leer m\u00e1s<\/a><\/p>\n","protected":false},"author":1,"featured_media":99260,"comment_status":"open","ping_status":"closed","sticky":false,"template":"","format":"standard","meta":{"footnotes":""},"categories":[4],"tags":[13],"class_list":["post-99259","post","type-post","status-publish","format-standard","has-post-thumbnail","hentry","category-departamentales","tag-departamentales"],"_links":{"self":[{"href":"https:\/\/elmetropolitano.com.gt\/es\/wp-json\/wp\/v2\/posts\/99259","targetHints":{"allow":["GET"]}}],"collection":[{"href":"https:\/\/elmetropolitano.com.gt\/es\/wp-json\/wp\/v2\/posts"}],"about":[{"href":"https:\/\/elmetropolitano.com.gt\/es\/wp-json\/wp\/v2\/types\/post"}],"author":[{"embeddable":true,"href":"https:\/\/elmetropolitano.com.gt\/es\/wp-json\/wp\/v2\/users\/1"}],"replies":[{"embeddable":true,"href":"https:\/\/elmetropolitano.com.gt\/es\/wp-json\/wp\/v2\/comments?post=99259"}],"version-history":[{"count":1,"href":"https:\/\/elmetropolitano.com.gt\/es\/wp-json\/wp\/v2\/posts\/99259\/revisions"}],"predecessor-version":[{"id":99266,"href":"https:\/\/elmetropolitano.com.gt\/es\/wp-json\/wp\/v2\/posts\/99259\/revisions\/99266"}],"wp:featuredmedia":[{"embeddable":true,"href":"https:\/\/elmetropolitano.com.gt\/es\/wp-json\/wp\/v2\/media\/99260"}],"wp:attachment":[{"href":"https:\/\/elmetropolitano.com.gt\/es\/wp-json\/wp\/v2\/media?parent=99259"}],"wp:term":[{"taxonomy":"category","embeddable":true,"href":"https:\/\/elmetropolitano.com.gt\/es\/wp-json\/wp\/v2\/categories?post=99259"},{"taxonomy":"post_tag","embeddable":true,"href":"https:\/\/elmetropolitano.com.gt\/es\/wp-json\/wp\/v2\/tags?post=99259"}],"curies":[{"name":"wp","href":"https:\/\/api.w.org\/{rel}","templated":true}]}}