{"id":99321,"date":"2025-03-18T11:33:21","date_gmt":"2025-03-18T17:33:21","guid":{"rendered":"https:\/\/elmetropolitano.com.gt\/es\/?p=99321"},"modified":"2025-03-18T11:33:22","modified_gmt":"2025-03-18T17:33:22","slug":"municipalidad-indigena-de-solola-rechaza-seguro-obligatorio-para-vehiculos-y-motos","status":"publish","type":"post","link":"https:\/\/elmetropolitano.com.gt\/es\/municipalidad-indigena-de-solola-rechaza-seguro-obligatorio-para-vehiculos-y-motos\/","title":{"rendered":"Municipalidad ind\u00edgena de Solol\u00e1 rechaza seguro obligatorio para veh\u00edculos y motos"},"content":{"rendered":"\n<p>La mayor\u00eda de las personas de esta comunidad compran su veh\u00edculo por necesidad de transporte ante la falta de transporte p\u00fablico seguro, de calidad y ante la ola de delincuencia y asaltos que sufren y un seguro obligatorio lastima de sobre manera sus limitados recursos, seg\u00fan lo expresaron en un comunicado.<\/p>\n\n\n\n<p>Lo anterior fue expresado luego que el ministro de Gobernaci\u00f3n declarara la implementaci\u00f3n de nuevos acuerdos de tr\u00e1nsito en donde se obliga a pagar un seguro a propietarios de veh\u00edculos en el reglamento que entra en vigencia el 1 de mayo de este a\u00f1o.<\/p><div class=\"elmet-contenido\" id=\"elmet-3646980673\"><div class=\"elmet-adlabel\">Anuncios<\/div><div style=\"margin-top: 20px;margin-right: 20px;margin-bottom: 20px;margin-left: 20px;\" id=\"elmet-3284261057\"><a href=\"https:\/\/www.facebook.com\/arrincuanantigua\/\" aria-label=\"cintillo-arrin-cual\"><img loading=\"lazy\" decoding=\"async\" src=\"https:\/\/elmetropolitano.com.gt\/es\/wp-content\/uploads\/2021\/11\/cintillo-arrin-cual-1.jpg\" alt=\"\"  srcset=\"https:\/\/elmetropolitano.com.gt\/es\/wp-content\/uploads\/2021\/11\/cintillo-arrin-cual-1.jpg 750w, https:\/\/elmetropolitano.com.gt\/es\/wp-content\/uploads\/2021\/11\/cintillo-arrin-cual-1-300x36.jpg 300w, https:\/\/elmetropolitano.com.gt\/es\/wp-content\/uploads\/2021\/11\/cintillo-arrin-cual-1-600x72.jpg 600w\" sizes=\"(max-width: 750px) 100vw, 750px\" width=\"750\" height=\"90\"   \/><\/a><\/div><\/div>\n\n\n\n<p>\u201cVelamos por los intereses y derechos de los pueblos Maya K\u00b4ch\u00e9 y Kaqchikel del municipio de Solol\u00e1, por lo que nos oponemos a este reglamento de tr\u00e1nsito y la contrataci\u00f3n de un seguro obligatorio para toda la poblaci\u00f3n\u201d, se\u00f1alan.<\/p>\n\n\n\n<p>En el comunicado agregan que no se pueden imponer leyes cuando las que existen no se cumplen, cuando en un pa\u00eds impera la corrupci\u00f3n, donde las autoridades encargadas de velas por la seguridad vial no cumplen con su funci\u00f3n y no hacen respetar la ley a conductores y transportistas, tampoco se pueden emitir leyes a diestra y siniestra todo por ocultar la incapacidad de velas por la seguridad vial, de pasajeros y transportistas.<\/p>\n\n\n\n<p>\u201cConscientes de la situaci\u00f3n econ\u00f3mica del pa\u00eds, en especial de las 84 comunidades K\u00b4ch\u00e9 y Kaqchikel del municipio de Solol\u00e1, estamos en contra de la compra de un seguro obligatorio para veh\u00edculos particulares, no as\u00ed para el transporte p\u00fablico urbano y extraurbano y para transportes de carga de las diferentes empresas del pa\u00eds y la exigencia de mejores condiciones de los veh\u00edculos del transporte p\u00fablico para seguridad de sus usuarios\u201d, acotaron.<\/p>\n\n\n\n<p>#seguroobligatorio #mingob #metroredes www.elmetropolitano.com.gt www.metroredes.com www.elescuintleco.com<\/p>\n\n\n\n<figure class=\"wp-block-gallery has-nested-images columns-default is-cropped wp-block-gallery-1 is-layout-flex wp-block-gallery-is-layout-flex\">\n<figure class=\"wp-block-image size-large\"><img loading=\"lazy\" decoding=\"async\" width=\"761\" height=\"1024\" data-id=\"99323\" src=\"https:\/\/elmetropolitano.com.gt\/es\/wp-content\/uploads\/2025\/03\/755ba121-35f3-463a-b242-761f6f53c6d0-1-761x1024.jpeg\" alt=\"\" class=\"wp-image-99323\" srcset=\"https:\/\/elmetropolitano.com.gt\/es\/wp-content\/uploads\/2025\/03\/755ba121-35f3-463a-b242-761f6f53c6d0-1-761x1024.jpeg 761w, https:\/\/elmetropolitano.com.gt\/es\/wp-content\/uploads\/2025\/03\/755ba121-35f3-463a-b242-761f6f53c6d0-1-223x300.jpeg 223w, https:\/\/elmetropolitano.com.gt\/es\/wp-content\/uploads\/2025\/03\/755ba121-35f3-463a-b242-761f6f53c6d0-1-768x1034.jpeg 768w, https:\/\/elmetropolitano.com.gt\/es\/wp-content\/uploads\/2025\/03\/755ba121-35f3-463a-b242-761f6f53c6d0-1.jpeg 1028w\" sizes=\"auto, (max-width: 761px) 100vw, 761px\" \/><\/figure>\n<\/figure>\n","protected":false},"excerpt":{"rendered":"<p>La mayor\u00eda de las personas de esta comunidad compran su veh\u00edculo por necesidad de transporte ante la falta de transporte p\u00fablico seguro, de calidad y ante la ola de delincuencia y asaltos que sufren y un seguro obligatorio lastima de sobre manera sus limitados recursos, seg\u00fan lo expresaron en un comunicado. Lo anterior fue expresado <a class=\"read-more\" href=\"https:\/\/elmetropolitano.com.gt\/es\/municipalidad-indigena-de-solola-rechaza-seguro-obligatorio-para-vehiculos-y-motos\/\">Leer m\u00e1s<\/a><\/p>\n","protected":false},"author":1,"featured_media":99322,"comment_status":"open","ping_status":"closed","sticky":false,"template":"","format":"standard","meta":{"footnotes":""},"categories":[4],"tags":[13],"class_list":["post-99321","post","type-post","status-publish","format-standard","has-post-thumbnail","hentry","category-departamentales","tag-departamentales"],"_links":{"self":[{"href":"https:\/\/elmetropolitano.com.gt\/es\/wp-json\/wp\/v2\/posts\/99321","targetHints":{"allow":["GET"]}}],"collection":[{"href":"https:\/\/elmetropolitano.com.gt\/es\/wp-json\/wp\/v2\/posts"}],"about":[{"href":"https:\/\/elmetropolitano.com.gt\/es\/wp-json\/wp\/v2\/types\/post"}],"author":[{"embeddable":true,"href":"https:\/\/elmetropolitano.com.gt\/es\/wp-json\/wp\/v2\/users\/1"}],"replies":[{"embeddable":true,"href":"https:\/\/elmetropolitano.com.gt\/es\/wp-json\/wp\/v2\/comments?post=99321"}],"version-history":[{"count":1,"href":"https:\/\/elmetropolitano.com.gt\/es\/wp-json\/wp\/v2\/posts\/99321\/revisions"}],"predecessor-version":[{"id":99324,"href":"https:\/\/elmetropolitano.com.gt\/es\/wp-json\/wp\/v2\/posts\/99321\/revisions\/99324"}],"wp:featuredmedia":[{"embeddable":true,"href":"https:\/\/elmetropolitano.com.gt\/es\/wp-json\/wp\/v2\/media\/99322"}],"wp:attachment":[{"href":"https:\/\/elmetropolitano.com.gt\/es\/wp-json\/wp\/v2\/media?parent=99321"}],"wp:term":[{"taxonomy":"category","embeddable":true,"href":"https:\/\/elmetropolitano.com.gt\/es\/wp-json\/wp\/v2\/categories?post=99321"},{"taxonomy":"post_tag","embeddable":true,"href":"https:\/\/elmetropolitano.com.gt\/es\/wp-json\/wp\/v2\/tags?post=99321"}],"curies":[{"name":"wp","href":"https:\/\/api.w.org\/{rel}","templated":true}]}}