{"id":99430,"date":"2025-03-19T14:16:15","date_gmt":"2025-03-19T20:16:15","guid":{"rendered":"https:\/\/elmetropolitano.com.gt\/es\/?p=99430"},"modified":"2025-03-19T14:16:17","modified_gmt":"2025-03-19T20:16:17","slug":"nuevo-comedor-social-en-siquinala-brinda-acceso-a-la-alimentacion","status":"publish","type":"post","link":"https:\/\/elmetropolitano.com.gt\/es\/nuevo-comedor-social-en-siquinala-brinda-acceso-a-la-alimentacion\/","title":{"rendered":"Nuevo comedor social en Siquinal\u00e1 brinda acceso a la alimentaci\u00f3n"},"content":{"rendered":"\n<p>Autoridades de Gobierno de la Rep\u00fablica a trav\u00e9s del Ministerio de Desarrollo Social (Mides) inauguraron un nuevo comedor social en Siquinal\u00e1, Escuintla, con la finalidad de fortalecer el bienestar de las comunidades en condiciones vulnerables en Guatemala.<\/p>\n\n\n\n<p>Esta acci\u00f3n tiene como objetivo dar cumplimiento a las pol\u00edticas p\u00fablicas de gobierno del presidente Bernardo Ar\u00e9valo en dignificar a la poblaci\u00f3n mas <a><\/a>vulnerable del departamento de Escuintla.<\/p><div class=\"elmet-contenido\" id=\"elmet-3925573434\"><div class=\"elmet-adlabel\">Anuncios<\/div><div style=\"margin-top: 20px;margin-right: 20px;margin-bottom: 20px;margin-left: 20px;\" id=\"elmet-1065210408\"><a href=\"https:\/\/www.facebook.com\/arrincuanantigua\/\" aria-label=\"cintillo-arrin-cual\"><img loading=\"lazy\" decoding=\"async\" src=\"https:\/\/elmetropolitano.com.gt\/es\/wp-content\/uploads\/2021\/11\/cintillo-arrin-cual-1.jpg\" alt=\"\"  srcset=\"https:\/\/elmetropolitano.com.gt\/es\/wp-content\/uploads\/2021\/11\/cintillo-arrin-cual-1.jpg 750w, https:\/\/elmetropolitano.com.gt\/es\/wp-content\/uploads\/2021\/11\/cintillo-arrin-cual-1-300x36.jpg 300w, https:\/\/elmetropolitano.com.gt\/es\/wp-content\/uploads\/2021\/11\/cintillo-arrin-cual-1-600x72.jpg 600w\" sizes=\"(max-width: 750px) 100vw, 750px\" width=\"750\" height=\"90\"   \/><\/a><\/div><\/div>\n\n\n\n<p>La inauguraci\u00f3n del comedor social se efect\u00fao este martes, lo cual llegar\u00e1 a mejorar la calidad de vida de muchas personas proporcionando acceso a alimentaci\u00f3n de calidad y con un est\u00e1ndar de higiene adecuado.<\/p>\n\n\n\n<p>En detalles<\/p>\n\n\n\n<p>La ceremonia dio inicio con palabras del alcalde anfitri\u00f3n Daniel Gonz\u00e1lez, quien resalto el trabajo de su Concejo Municipal y el apoyo recibido por parte de las instituciones de gobierno y Congreso de la Rep\u00fablica por medio de la diputada del Oartido Valor Cristabel Guardado<\/p>\n\n\n\n<p>En tanto, la gobernadora de Escuintla Vivian Mayorga, tambi\u00e9n reconoci\u00f3 el trabajo que cada instituci\u00f3n involucrada realiz\u00f3 para que la apertura de estas nuevas instalaciones se llevar\u00e1 a cabo de una manera digna para la poblaci\u00f3n quien conf\u00eda en el trabajo de las autoridades.<\/p>\n\n\n\n<p>La diputada Cristabel Guardado indic\u00f3 que \u201ccon mucha alegr\u00eda y agradecidos con Dios, celebramos la apertura del Comedor Social de Siquinal\u00e1, un espacio que ser\u00e1 de gran beneficio para toda aquella persona que necesite un plato de comida\u201d<\/p>\n\n\n\n<p>\u201cAqu\u00ed no solo se sirve alimento, sino tambi\u00e9n una mano amiga para nuestra gente\u201d enfatiz\u00f3 la diputada representante de Escuibtla en el Congreso de la Rep\u00fablica<\/p>\n\n\n\n<p>Agregando Gusrdaeonwue este logro no ser\u00eda posible sin el esfuerzo del Gobierno de Bernardo Ar\u00e9valo, MIDES, la Municipalidad de Siquinal\u00e1 y, sobre todo, el apoyo del pueblo guatemalteco.<\/p>\n\n\n\n<p>\u201cCuando nos unimos, logramos cosas grandes y hacemos que la ayuda llegue a quienes m\u00e1s lo necesitan\u201d enfatiz\u00f3 la diputada Guardado.<\/p>\n\n\n\n<p>Servicio gratis de Lunes a Viernes<\/p>\n\n\n\n<p>Aparte, la delegada del Ministerio de Desarrollo Social (Mides), Ana Villegas dio a conocer que se servir\u00e1n un total de 200 desayunos y 250 almuerzos de lunes a viernes en horario de 06:00 a 09:00 horas y de 11:00 a 14:00 horas.<\/p>\n\n\n\n<p>\u00bfC\u00f3mo puedo tener beneficio<\/p>\n\n\n\n<p>del comedor social?<\/p>\n\n\n\n<p>Los usuarios se presentan al comedor con su Documento de Identificaci\u00f3n Personal (DPI) y en el caso de los menores de edad deben presentar su certificado de nacimiento, todo este proceso se realiza de forma ordenada y transparente.<\/p>\n\n\n\n<p>Finalmente, recuerdan que todos los programas sociales son gratuitos, puntualiz\u00f3 Villegas, delegada departamental del Mides.<\/p>\n\n\n\n<p><a href=\"https:\/\/www.facebook.com\/hashtag\/comedorsocial?__eep__=6&amp;__cft__[0]=AZVKPm896QqkoacCuC9KJng_KRwDXp5rN75jDFWBkNJEJaOvlEdzsovWDQn1ds4ujGn42f1GjYAJgudLsMzAUHAK4c4zTWOVulU4tN8z94IzYpwyFRaTzLNXr4WPXvd0qixg8T4wwmqZjcvLogwu8d_0H6jX_GolWq6aDgz55fc1VqyRVQwG_CKUCmG1SJK_M9M&amp;__tn__=*NK-R\">#ComedorSocial<\/a><a href=\"https:\/\/www.facebook.com\/hashtag\/metroredes?__eep__=6&amp;__cft__[0]=AZVKPm896QqkoacCuC9KJng_KRwDXp5rN75jDFWBkNJEJaOvlEdzsovWDQn1ds4ujGn42f1GjYAJgudLsMzAUHAK4c4zTWOVulU4tN8z94IzYpwyFRaTzLNXr4WPXvd0qixg8T4wwmqZjcvLogwu8d_0H6jX_GolWq6aDgz55fc1VqyRVQwG_CKUCmG1SJK_M9M&amp;__tn__=*NK-R\">#metroredes<\/a><a href=\"https:\/\/www.facebook.com\/hashtag\/munisiquinala?__eep__=6&amp;__cft__[0]=AZVKPm896QqkoacCuC9KJng_KRwDXp5rN75jDFWBkNJEJaOvlEdzsovWDQn1ds4ujGn42f1GjYAJgudLsMzAUHAK4c4zTWOVulU4tN8z94IzYpwyFRaTzLNXr4WPXvd0qixg8T4wwmqZjcvLogwu8d_0H6jX_GolWq6aDgz55fc1VqyRVQwG_CKUCmG1SJK_M9M&amp;__tn__=*NK-R\">#munisiquinala<\/a><a href=\"https:\/\/www.facebook.com\/hashtag\/mides?__eep__=6&amp;__cft__[0]=AZVKPm896QqkoacCuC9KJng_KRwDXp5rN75jDFWBkNJEJaOvlEdzsovWDQn1ds4ujGn42f1GjYAJgudLsMzAUHAK4c4zTWOVulU4tN8z94IzYpwyFRaTzLNXr4WPXvd0qixg8T4wwmqZjcvLogwu8d_0H6jX_GolWq6aDgz55fc1VqyRVQwG_CKUCmG1SJK_M9M&amp;__tn__=*NK-R\">#MIDES<\/a> <a href=\"https:\/\/l.facebook.com\/l.php?u=http%3A%2F%2FWww.elescuintleco.com%2F%3Ffbclid%3DIwZXh0bgNhZW0CMTAAAR15HuMUJurRyTkpPzpjLgpp__MTsyCh-puaIdw2syO6G4fu2KZ_B9fsupE_aem_HIKcgL6aWEbYt0J50PgPZw&amp;h=AT0gtAtfK3_Bmk93GykT4TAU_Pcrvvl3n5X-Wu8i8pxWRI5ekWEDmE_iGhMzV2WL9ZRcMw4cNDmYjp65ZNhQbHR8UqreJ2dt1Frugw_jn_T7oXwqJa8Eft5C-V2WTIDjz_0pkfUtxs26ogPn&amp;__tn__=-UK-R&amp;c[0]=AT1S76LdjOL2YzS_m29yN0AIBcKuUg9bNrR_sMtRhbe9FIXEuFVLUxgcQA_ZRWA0ktBh4v_PD7v-RJRm-00V29A3oqqHF-Tj8wHKBwRg01bN5REvLr9u9TZUyaoZhHPv_w8xM5fBypOnOpGiWyrzUf6DVfrw8Cv0MF1W6lxFWy82BNsr8xI3T2J5q1uZW-EHCpH1tIxUGj49BUAMujePrXlLFa8\" target=\"_blank\" rel=\"noreferrer noopener\">Www.elescuintleco.com<\/a><\/p>\n\n\n\n<figure class=\"wp-block-gallery has-nested-images columns-default is-cropped wp-block-gallery-1 is-layout-flex wp-block-gallery-is-layout-flex\">\n<figure class=\"wp-block-image size-large\"><img loading=\"lazy\" decoding=\"async\" width=\"1024\" height=\"768\" data-id=\"99436\" src=\"https:\/\/elmetropolitano.com.gt\/es\/wp-content\/uploads\/2025\/03\/480486545_1173310794795002_8927161015161861586_n-1024x768.jpg\" alt=\"\" class=\"wp-image-99436\" srcset=\"https:\/\/elmetropolitano.com.gt\/es\/wp-content\/uploads\/2025\/03\/480486545_1173310794795002_8927161015161861586_n-1024x768.jpg 1024w, https:\/\/elmetropolitano.com.gt\/es\/wp-content\/uploads\/2025\/03\/480486545_1173310794795002_8927161015161861586_n-300x225.jpg 300w, https:\/\/elmetropolitano.com.gt\/es\/wp-content\/uploads\/2025\/03\/480486545_1173310794795002_8927161015161861586_n-768x576.jpg 768w, https:\/\/elmetropolitano.com.gt\/es\/wp-content\/uploads\/2025\/03\/480486545_1173310794795002_8927161015161861586_n.jpg 1440w\" sizes=\"auto, (max-width: 1024px) 100vw, 1024px\" \/><\/figure>\n\n\n\n<figure class=\"wp-block-image size-large\"><img loading=\"lazy\" decoding=\"async\" width=\"1024\" height=\"575\" data-id=\"99438\" src=\"https:\/\/elmetropolitano.com.gt\/es\/wp-content\/uploads\/2025\/03\/480965817_1173310868128328_5186630786055124412_n-1024x575.jpg\" alt=\"\" class=\"wp-image-99438\" srcset=\"https:\/\/elmetropolitano.com.gt\/es\/wp-content\/uploads\/2025\/03\/480965817_1173310868128328_5186630786055124412_n-1024x575.jpg 1024w, https:\/\/elmetropolitano.com.gt\/es\/wp-content\/uploads\/2025\/03\/480965817_1173310868128328_5186630786055124412_n-300x168.jpg 300w, https:\/\/elmetropolitano.com.gt\/es\/wp-content\/uploads\/2025\/03\/480965817_1173310868128328_5186630786055124412_n-768x431.jpg 768w, https:\/\/elmetropolitano.com.gt\/es\/wp-content\/uploads\/2025\/03\/480965817_1173310868128328_5186630786055124412_n.jpg 1440w\" sizes=\"auto, (max-width: 1024px) 100vw, 1024px\" \/><\/figure>\n\n\n\n<figure class=\"wp-block-image size-large\"><img loading=\"lazy\" decoding=\"async\" width=\"1024\" height=\"574\" data-id=\"99433\" src=\"https:\/\/elmetropolitano.com.gt\/es\/wp-content\/uploads\/2025\/03\/481244600_1173310714795010_5105044132263617163_n-1-1024x574.jpg\" alt=\"\" class=\"wp-image-99433\" srcset=\"https:\/\/elmetropolitano.com.gt\/es\/wp-content\/uploads\/2025\/03\/481244600_1173310714795010_5105044132263617163_n-1-1024x574.jpg 1024w, https:\/\/elmetropolitano.com.gt\/es\/wp-content\/uploads\/2025\/03\/481244600_1173310714795010_5105044132263617163_n-1-300x168.jpg 300w, https:\/\/elmetropolitano.com.gt\/es\/wp-content\/uploads\/2025\/03\/481244600_1173310714795010_5105044132263617163_n-1-768x431.jpg 768w, https:\/\/elmetropolitano.com.gt\/es\/wp-content\/uploads\/2025\/03\/481244600_1173310714795010_5105044132263617163_n-1.jpg 1200w\" sizes=\"auto, (max-width: 1024px) 100vw, 1024px\" \/><\/figure>\n\n\n\n<figure class=\"wp-block-image size-large\"><img loading=\"lazy\" decoding=\"async\" width=\"1024\" height=\"576\" data-id=\"99435\" src=\"https:\/\/elmetropolitano.com.gt\/es\/wp-content\/uploads\/2025\/03\/484066455_1173310854794996_42001299625395073_n-1024x576.jpg\" alt=\"\" class=\"wp-image-99435\" srcset=\"https:\/\/elmetropolitano.com.gt\/es\/wp-content\/uploads\/2025\/03\/484066455_1173310854794996_42001299625395073_n-1024x576.jpg 1024w, https:\/\/elmetropolitano.com.gt\/es\/wp-content\/uploads\/2025\/03\/484066455_1173310854794996_42001299625395073_n-300x169.jpg 300w, https:\/\/elmetropolitano.com.gt\/es\/wp-content\/uploads\/2025\/03\/484066455_1173310854794996_42001299625395073_n-768x432.jpg 768w, https:\/\/elmetropolitano.com.gt\/es\/wp-content\/uploads\/2025\/03\/484066455_1173310854794996_42001299625395073_n.jpg 1440w\" sizes=\"auto, (max-width: 1024px) 100vw, 1024px\" \/><\/figure>\n\n\n\n<figure class=\"wp-block-image size-large\"><img loading=\"lazy\" decoding=\"async\" width=\"1024\" height=\"768\" data-id=\"99437\" src=\"https:\/\/elmetropolitano.com.gt\/es\/wp-content\/uploads\/2025\/03\/484650217_1173310841461664_8425891906602210938_n-1024x768.jpg\" alt=\"\" class=\"wp-image-99437\" srcset=\"https:\/\/elmetropolitano.com.gt\/es\/wp-content\/uploads\/2025\/03\/484650217_1173310841461664_8425891906602210938_n-1024x768.jpg 1024w, https:\/\/elmetropolitano.com.gt\/es\/wp-content\/uploads\/2025\/03\/484650217_1173310841461664_8425891906602210938_n-300x225.jpg 300w, https:\/\/elmetropolitano.com.gt\/es\/wp-content\/uploads\/2025\/03\/484650217_1173310841461664_8425891906602210938_n-768x576.jpg 768w, https:\/\/elmetropolitano.com.gt\/es\/wp-content\/uploads\/2025\/03\/484650217_1173310841461664_8425891906602210938_n.jpg 1200w\" sizes=\"auto, (max-width: 1024px) 100vw, 1024px\" \/><\/figure>\n\n\n\n<figure class=\"wp-block-image size-large\"><img loading=\"lazy\" decoding=\"async\" width=\"1024\" height=\"574\" data-id=\"99432\" src=\"https:\/\/elmetropolitano.com.gt\/es\/wp-content\/uploads\/2025\/03\/484926885_1173310821461666_2253587459420820865_n-1024x574.jpg\" alt=\"\" class=\"wp-image-99432\" srcset=\"https:\/\/elmetropolitano.com.gt\/es\/wp-content\/uploads\/2025\/03\/484926885_1173310821461666_2253587459420820865_n-1024x574.jpg 1024w, https:\/\/elmetropolitano.com.gt\/es\/wp-content\/uploads\/2025\/03\/484926885_1173310821461666_2253587459420820865_n-300x168.jpg 300w, https:\/\/elmetropolitano.com.gt\/es\/wp-content\/uploads\/2025\/03\/484926885_1173310821461666_2253587459420820865_n-768x431.jpg 768w, https:\/\/elmetropolitano.com.gt\/es\/wp-content\/uploads\/2025\/03\/484926885_1173310821461666_2253587459420820865_n.jpg 1200w\" sizes=\"auto, (max-width: 1024px) 100vw, 1024px\" \/><\/figure>\n\n\n\n<figure class=\"wp-block-image size-large\"><img loading=\"lazy\" decoding=\"async\" width=\"1024\" height=\"575\" data-id=\"99439\" src=\"https:\/\/elmetropolitano.com.gt\/es\/wp-content\/uploads\/2025\/03\/485020778_1173310834794998_6185751784776194724_n-1024x575.jpg\" alt=\"\" class=\"wp-image-99439\" srcset=\"https:\/\/elmetropolitano.com.gt\/es\/wp-content\/uploads\/2025\/03\/485020778_1173310834794998_6185751784776194724_n-1024x575.jpg 1024w, https:\/\/elmetropolitano.com.gt\/es\/wp-content\/uploads\/2025\/03\/485020778_1173310834794998_6185751784776194724_n-300x168.jpg 300w, https:\/\/elmetropolitano.com.gt\/es\/wp-content\/uploads\/2025\/03\/485020778_1173310834794998_6185751784776194724_n-768x431.jpg 768w, https:\/\/elmetropolitano.com.gt\/es\/wp-content\/uploads\/2025\/03\/485020778_1173310834794998_6185751784776194724_n.jpg 1440w\" sizes=\"auto, (max-width: 1024px) 100vw, 1024px\" \/><\/figure>\n\n\n\n<figure class=\"wp-block-image size-large\"><img loading=\"lazy\" decoding=\"async\" width=\"782\" height=\"506\" data-id=\"99434\" src=\"https:\/\/elmetropolitano.com.gt\/es\/wp-content\/uploads\/2025\/03\/485140194_1173310421461706_7760727003364266883_n.jpg\" alt=\"\" class=\"wp-image-99434\" srcset=\"https:\/\/elmetropolitano.com.gt\/es\/wp-content\/uploads\/2025\/03\/485140194_1173310421461706_7760727003364266883_n.jpg 782w, https:\/\/elmetropolitano.com.gt\/es\/wp-content\/uploads\/2025\/03\/485140194_1173310421461706_7760727003364266883_n-300x194.jpg 300w, https:\/\/elmetropolitano.com.gt\/es\/wp-content\/uploads\/2025\/03\/485140194_1173310421461706_7760727003364266883_n-768x497.jpg 768w\" sizes=\"auto, (max-width: 782px) 100vw, 782px\" \/><\/figure>\n\n\n\n<figure class=\"wp-block-image size-large\"><img loading=\"lazy\" decoding=\"async\" width=\"1024\" height=\"575\" data-id=\"99440\" src=\"https:\/\/elmetropolitano.com.gt\/es\/wp-content\/uploads\/2025\/03\/485841913_1173310781461670_2835352683094399618_n-1024x575.jpg\" alt=\"\" class=\"wp-image-99440\" srcset=\"https:\/\/elmetropolitano.com.gt\/es\/wp-content\/uploads\/2025\/03\/485841913_1173310781461670_2835352683094399618_n-1024x575.jpg 1024w, https:\/\/elmetropolitano.com.gt\/es\/wp-content\/uploads\/2025\/03\/485841913_1173310781461670_2835352683094399618_n-300x168.jpg 300w, https:\/\/elmetropolitano.com.gt\/es\/wp-content\/uploads\/2025\/03\/485841913_1173310781461670_2835352683094399618_n-768x431.jpg 768w, https:\/\/elmetropolitano.com.gt\/es\/wp-content\/uploads\/2025\/03\/485841913_1173310781461670_2835352683094399618_n.jpg 1440w\" sizes=\"auto, (max-width: 1024px) 100vw, 1024px\" \/><\/figure>\n\n\n\n<figure class=\"wp-block-image size-large\"><img loading=\"lazy\" decoding=\"async\" width=\"768\" height=\"1024\" data-id=\"99441\" src=\"https:\/\/elmetropolitano.com.gt\/es\/wp-content\/uploads\/2025\/03\/486052990_1173310814795000_7798101396691607983_n-768x1024.jpg\" alt=\"\" class=\"wp-image-99441\" srcset=\"https:\/\/elmetropolitano.com.gt\/es\/wp-content\/uploads\/2025\/03\/486052990_1173310814795000_7798101396691607983_n-768x1024.jpg 768w, https:\/\/elmetropolitano.com.gt\/es\/wp-content\/uploads\/2025\/03\/486052990_1173310814795000_7798101396691607983_n-225x300.jpg 225w, https:\/\/elmetropolitano.com.gt\/es\/wp-content\/uploads\/2025\/03\/486052990_1173310814795000_7798101396691607983_n.jpg 1080w\" sizes=\"auto, (max-width: 768px) 100vw, 768px\" \/><\/figure>\n<\/figure>\n","protected":false},"excerpt":{"rendered":"<p>Autoridades de Gobierno de la Rep\u00fablica a trav\u00e9s del Ministerio de Desarrollo Social (Mides) inauguraron un nuevo comedor social en Siquinal\u00e1, Escuintla, con la finalidad de fortalecer el bienestar de las comunidades en condiciones vulnerables en Guatemala. Esta acci\u00f3n tiene como objetivo dar cumplimiento a las pol\u00edticas p\u00fablicas de gobierno del presidente Bernardo Ar\u00e9valo en <a class=\"read-more\" href=\"https:\/\/elmetropolitano.com.gt\/es\/nuevo-comedor-social-en-siquinala-brinda-acceso-a-la-alimentacion\/\">Leer m\u00e1s<\/a><\/p>\n","protected":false},"author":1,"featured_media":99431,"comment_status":"open","ping_status":"closed","sticky":false,"template":"","format":"standard","meta":{"footnotes":""},"categories":[4],"tags":[13],"class_list":["post-99430","post","type-post","status-publish","format-standard","has-post-thumbnail","hentry","category-departamentales","tag-departamentales"],"_links":{"self":[{"href":"https:\/\/elmetropolitano.com.gt\/es\/wp-json\/wp\/v2\/posts\/99430","targetHints":{"allow":["GET"]}}],"collection":[{"href":"https:\/\/elmetropolitano.com.gt\/es\/wp-json\/wp\/v2\/posts"}],"about":[{"href":"https:\/\/elmetropolitano.com.gt\/es\/wp-json\/wp\/v2\/types\/post"}],"author":[{"embeddable":true,"href":"https:\/\/elmetropolitano.com.gt\/es\/wp-json\/wp\/v2\/users\/1"}],"replies":[{"embeddable":true,"href":"https:\/\/elmetropolitano.com.gt\/es\/wp-json\/wp\/v2\/comments?post=99430"}],"version-history":[{"count":1,"href":"https:\/\/elmetropolitano.com.gt\/es\/wp-json\/wp\/v2\/posts\/99430\/revisions"}],"predecessor-version":[{"id":99442,"href":"https:\/\/elmetropolitano.com.gt\/es\/wp-json\/wp\/v2\/posts\/99430\/revisions\/99442"}],"wp:featuredmedia":[{"embeddable":true,"href":"https:\/\/elmetropolitano.com.gt\/es\/wp-json\/wp\/v2\/media\/99431"}],"wp:attachment":[{"href":"https:\/\/elmetropolitano.com.gt\/es\/wp-json\/wp\/v2\/media?parent=99430"}],"wp:term":[{"taxonomy":"category","embeddable":true,"href":"https:\/\/elmetropolitano.com.gt\/es\/wp-json\/wp\/v2\/categories?post=99430"},{"taxonomy":"post_tag","embeddable":true,"href":"https:\/\/elmetropolitano.com.gt\/es\/wp-json\/wp\/v2\/tags?post=99430"}],"curies":[{"name":"wp","href":"https:\/\/api.w.org\/{rel}","templated":true}]}}