{"id":99474,"date":"2025-03-20T10:00:08","date_gmt":"2025-03-20T16:00:08","guid":{"rendered":"https:\/\/elmetropolitano.com.gt\/es\/?p=99474"},"modified":"2025-03-20T10:00:09","modified_gmt":"2025-03-20T16:00:09","slug":"dialogo-y-cumplimiento-legal-impulsan-reactivacion-de-proyectos-en-alta-verapaz","status":"publish","type":"post","link":"https:\/\/elmetropolitano.com.gt\/es\/dialogo-y-cumplimiento-legal-impulsan-reactivacion-de-proyectos-en-alta-verapaz\/","title":{"rendered":"Di\u00e1logo y cumplimiento legal impulsan reactivaci\u00f3n de proyectos en Alta Verapaz"},"content":{"rendered":"\n<p>El desarrollo vial avanza con transparencia y compromiso. La reactivaci\u00f3n de los tramos Pajal-Campur y Campur-Valle Verde en Alta Verapaz sigue en marcha por medio del di\u00e1logo abierto entre el Ministerio de Comunicaciones, Infraestructura y Vivienda (CIV), l\u00edderes comunitarios y autoridades locales.<\/p>\n\n\n\n<p>En la mesa t\u00e9cnica de trabajo, se lograron avances significativos para garantizar que el proceso <a><\/a>cumpla con los requisitos administrativos y legales establecidos, asegurando la continuidad de los proyectos viales en la regi\u00f3n.<\/p><div class=\"elmet-contenido\" id=\"elmet-2681093910\"><div class=\"elmet-adlabel\">Anuncios<\/div><div style=\"margin-top: 20px;margin-right: 20px;margin-bottom: 20px;margin-left: 20px;\" id=\"elmet-3432085553\"><a href=\"https:\/\/www.facebook.com\/arrincuanantigua\/\" aria-label=\"cintillo-arrin-cual\"><img loading=\"lazy\" decoding=\"async\" src=\"https:\/\/elmetropolitano.com.gt\/es\/wp-content\/uploads\/2021\/11\/cintillo-arrin-cual-1.jpg\" alt=\"\"  srcset=\"https:\/\/elmetropolitano.com.gt\/es\/wp-content\/uploads\/2021\/11\/cintillo-arrin-cual-1.jpg 750w, https:\/\/elmetropolitano.com.gt\/es\/wp-content\/uploads\/2021\/11\/cintillo-arrin-cual-1-300x36.jpg 300w, https:\/\/elmetropolitano.com.gt\/es\/wp-content\/uploads\/2021\/11\/cintillo-arrin-cual-1-600x72.jpg 600w\" sizes=\"(max-width: 750px) 100vw, 750px\" width=\"750\" height=\"90\"   \/><\/a><\/div><\/div>\n\n\n\n<p>\u00bfQu\u00e9 avances se han logrado?<\/p>\n\n\n\n<p>Tramo Pajal-Campur: se retomar\u00e1n los trabajos en los pr\u00f3ximos meses, una vez cumplidos los requisitos administrativos y financieros.<\/p>\n\n\n\n<p>Tramo Campur-Fray Bartolom\u00e9 de las Casas: se encuentra en proceso de an\u00e1lisis para determinar la mejor soluci\u00f3n para su ejecuci\u00f3n.<\/p>\n\n\n\n<p>Tramo Lanqu\u00edn-Cahab\u00f3n: en tr\u00e1mite para su reactivaci\u00f3n y gesti\u00f3n de avales a trav\u00e9s del Consejo Departamental de Desarrollo.<\/p>\n\n\n\n<p>El Ministerio de Comunicaciones reafirma su compromiso de seguir impulsando estos proyectos, asegurando que la reactivaci\u00f3n de los tramos viales mejorar\u00e1 la conectividad entre comunidades y fomentar\u00e1 el desarrollo econ\u00f3mico en la regi\u00f3n.<\/p>\n\n\n\n<p>Por su parte, la gobernadora Margarita C\u00f3 Coy y los alcaldes que participaron en la mesa t\u00e9cnica destacaron la importancia de estos avances y la necesidad de continuar con el seguimiento de los procesos.<\/p>\n\n\n\n<p>\u201cConsidero muy satisfactorios los logros y resultados de la mesa t\u00e9cnica, la cual continuar\u00e1 para dar seguimiento a los procesos que ya inici\u00f3 el Ministerio de Comunicaciones\u201d, se\u00f1al\u00f3 la funcionaria.<\/p>\n\n\n\n<p><a href=\"https:\/\/www.facebook.com\/hashtag\/altaverapaz?__eep__=6&amp;__cft__[0]=AZXyflNvrNSMUdCTw_mpqQxlA_eSSSOJ1y3sVH1agCxN-2TXuVf_YkyDNFreIs6CsnN8g9At0Ai-bA-Dl7iZ-gC5GgA3WefDWUbRCGTf8XXdThXBqIfeOqZUgAkBYsD1AKGD2C70M48ggkMXwqDS5TTSxdHshpx_RNSGh7vnX7hry1cFAxfIRXuHV2XhZidEtOg&amp;__tn__=*NK-R\">#Altaverapaz<\/a><a href=\"https:\/\/www.facebook.com\/hashtag\/civ?__eep__=6&amp;__cft__[0]=AZXyflNvrNSMUdCTw_mpqQxlA_eSSSOJ1y3sVH1agCxN-2TXuVf_YkyDNFreIs6CsnN8g9At0Ai-bA-Dl7iZ-gC5GgA3WefDWUbRCGTf8XXdThXBqIfeOqZUgAkBYsD1AKGD2C70M48ggkMXwqDS5TTSxdHshpx_RNSGh7vnX7hry1cFAxfIRXuHV2XhZidEtOg&amp;__tn__=*NK-R\">#Civ<\/a><a href=\"https:\/\/www.facebook.com\/hashtag\/ibfraestructuravial?__eep__=6&amp;__cft__[0]=AZXyflNvrNSMUdCTw_mpqQxlA_eSSSOJ1y3sVH1agCxN-2TXuVf_YkyDNFreIs6CsnN8g9At0Ai-bA-Dl7iZ-gC5GgA3WefDWUbRCGTf8XXdThXBqIfeOqZUgAkBYsD1AKGD2C70M48ggkMXwqDS5TTSxdHshpx_RNSGh7vnX7hry1cFAxfIRXuHV2XhZidEtOg&amp;__tn__=*NK-R\">#IbfraestructuraVial<\/a><a href=\"https:\/\/www.facebook.com\/hashtag\/metroredes?__eep__=6&amp;__cft__[0]=AZXyflNvrNSMUdCTw_mpqQxlA_eSSSOJ1y3sVH1agCxN-2TXuVf_YkyDNFreIs6CsnN8g9At0Ai-bA-Dl7iZ-gC5GgA3WefDWUbRCGTf8XXdThXBqIfeOqZUgAkBYsD1AKGD2C70M48ggkMXwqDS5TTSxdHshpx_RNSGh7vnX7hry1cFAxfIRXuHV2XhZidEtOg&amp;__tn__=*NK-R\">#Metroredes<\/a><a href=\"https:\/\/www.facebook.com\/hashtag\/laprensadecoban?__eep__=6&amp;__cft__[0]=AZXyflNvrNSMUdCTw_mpqQxlA_eSSSOJ1y3sVH1agCxN-2TXuVf_YkyDNFreIs6CsnN8g9At0Ai-bA-Dl7iZ-gC5GgA3WefDWUbRCGTf8XXdThXBqIfeOqZUgAkBYsD1AKGD2C70M48ggkMXwqDS5TTSxdHshpx_RNSGh7vnX7hry1cFAxfIRXuHV2XhZidEtOg&amp;__tn__=*NK-R\">#laprensadecoban<\/a><\/p>\n\n\n\n<figure class=\"wp-block-gallery has-nested-images columns-default is-cropped wp-block-gallery-1 is-layout-flex wp-block-gallery-is-layout-flex\">\n<figure class=\"wp-block-image size-large\"><img loading=\"lazy\" decoding=\"async\" width=\"190\" height=\"127\" data-id=\"99478\" src=\"https:\/\/elmetropolitano.com.gt\/es\/wp-content\/uploads\/2025\/03\/484935724_1173958314730250_3818344524398734750_n.jpg\" alt=\"\" class=\"wp-image-99478\"\/><\/figure>\n\n\n\n<figure class=\"wp-block-image size-large\"><img loading=\"lazy\" decoding=\"async\" width=\"190\" height=\"127\" data-id=\"99477\" src=\"https:\/\/elmetropolitano.com.gt\/es\/wp-content\/uploads\/2025\/03\/485110014_1173958184730263_2366318148496409285_n.jpg\" alt=\"\" class=\"wp-image-99477\"\/><\/figure>\n\n\n\n<figure class=\"wp-block-image size-large\"><img loading=\"lazy\" decoding=\"async\" width=\"190\" height=\"127\" data-id=\"99480\" src=\"https:\/\/elmetropolitano.com.gt\/es\/wp-content\/uploads\/2025\/03\/485341735_1173958248063590_3105920924069897833_n.jpg\" alt=\"\" class=\"wp-image-99480\"\/><\/figure>\n\n\n\n<figure class=\"wp-block-image size-large\"><img loading=\"lazy\" decoding=\"async\" width=\"190\" height=\"127\" data-id=\"99476\" src=\"https:\/\/elmetropolitano.com.gt\/es\/wp-content\/uploads\/2025\/03\/485388494_1173958241396924_6517638328433946088_n.jpg\" alt=\"\" class=\"wp-image-99476\"\/><\/figure>\n\n\n\n<figure class=\"wp-block-image size-large\"><img loading=\"lazy\" decoding=\"async\" width=\"190\" height=\"127\" data-id=\"99481\" src=\"https:\/\/elmetropolitano.com.gt\/es\/wp-content\/uploads\/2025\/03\/486021996_1173958188063596_5302118632959740224_n.jpg\" alt=\"\" class=\"wp-image-99481\"\/><\/figure>\n<\/figure>\n","protected":false},"excerpt":{"rendered":"<p>El desarrollo vial avanza con transparencia y compromiso. La reactivaci\u00f3n de los tramos Pajal-Campur y Campur-Valle Verde en Alta Verapaz sigue en marcha por medio del di\u00e1logo abierto entre el Ministerio de Comunicaciones, Infraestructura y Vivienda (CIV), l\u00edderes comunitarios y autoridades locales. En la mesa t\u00e9cnica de trabajo, se lograron avances significativos para garantizar que <a class=\"read-more\" href=\"https:\/\/elmetropolitano.com.gt\/es\/dialogo-y-cumplimiento-legal-impulsan-reactivacion-de-proyectos-en-alta-verapaz\/\">Leer m\u00e1s<\/a><\/p>\n","protected":false},"author":1,"featured_media":99475,"comment_status":"open","ping_status":"closed","sticky":false,"template":"","format":"standard","meta":{"footnotes":""},"categories":[4],"tags":[13],"class_list":["post-99474","post","type-post","status-publish","format-standard","has-post-thumbnail","hentry","category-departamentales","tag-departamentales"],"_links":{"self":[{"href":"https:\/\/elmetropolitano.com.gt\/es\/wp-json\/wp\/v2\/posts\/99474","targetHints":{"allow":["GET"]}}],"collection":[{"href":"https:\/\/elmetropolitano.com.gt\/es\/wp-json\/wp\/v2\/posts"}],"about":[{"href":"https:\/\/elmetropolitano.com.gt\/es\/wp-json\/wp\/v2\/types\/post"}],"author":[{"embeddable":true,"href":"https:\/\/elmetropolitano.com.gt\/es\/wp-json\/wp\/v2\/users\/1"}],"replies":[{"embeddable":true,"href":"https:\/\/elmetropolitano.com.gt\/es\/wp-json\/wp\/v2\/comments?post=99474"}],"version-history":[{"count":1,"href":"https:\/\/elmetropolitano.com.gt\/es\/wp-json\/wp\/v2\/posts\/99474\/revisions"}],"predecessor-version":[{"id":99482,"href":"https:\/\/elmetropolitano.com.gt\/es\/wp-json\/wp\/v2\/posts\/99474\/revisions\/99482"}],"wp:featuredmedia":[{"embeddable":true,"href":"https:\/\/elmetropolitano.com.gt\/es\/wp-json\/wp\/v2\/media\/99475"}],"wp:attachment":[{"href":"https:\/\/elmetropolitano.com.gt\/es\/wp-json\/wp\/v2\/media?parent=99474"}],"wp:term":[{"taxonomy":"category","embeddable":true,"href":"https:\/\/elmetropolitano.com.gt\/es\/wp-json\/wp\/v2\/categories?post=99474"},{"taxonomy":"post_tag","embeddable":true,"href":"https:\/\/elmetropolitano.com.gt\/es\/wp-json\/wp\/v2\/tags?post=99474"}],"curies":[{"name":"wp","href":"https:\/\/api.w.org\/{rel}","templated":true}]}}