{"id":99577,"date":"2025-03-22T10:40:31","date_gmt":"2025-03-22T16:40:31","guid":{"rendered":"https:\/\/elmetropolitano.com.gt\/es\/?p=99577"},"modified":"2025-03-22T10:40:32","modified_gmt":"2025-03-22T16:40:32","slug":"inicia-plan-para-habilitar-el-aeropuerto-de-xela-en-categoria-internacional","status":"publish","type":"post","link":"https:\/\/elmetropolitano.com.gt\/es\/inicia-plan-para-habilitar-el-aeropuerto-de-xela-en-categoria-internacional\/","title":{"rendered":"Inicia plan para habilitar el aeropuerto de Xela en categor\u00eda Internacional"},"content":{"rendered":"\n<p>El Diputado Byron Rodr\u00edguez representante distrital de Quetzaltenango y Subjefe del Bloque Legislativo TODOS se hizo presente en la nueva reuni\u00f3n de la Mesa T\u00e9cnica para la habilitaci\u00f3n del aeropuerto de Quetzaltenango en categor\u00eda internacional, que est\u00e1 conformada de manera interinstitucional, con autoridades de Aeron\u00e1utica Civil y el Ministerio de Comunicaciones, Infraestructura y Vivienda, entre <a><\/a>otros, y cont\u00f3 con la participaci\u00f3n de t\u00e9cnicos del Colegio de Arquitectos de Guatemala y Planificando Xela, para dar continuidad al Plan 19 Meses por Xela, que qued\u00f3 establecido en la reuni\u00f3n anterior de fecha 24 de febrero.<\/p>\n\n\n\n<p>En esta oportunidad, para dar inicio al plan, se llev\u00f3 a cabo el nuevo levantamiento del estudio topogr\u00e1fico para establecer las coordenadas y medidas finales de conformidad con los requerimientos de la Organizaci\u00f3n de Aviaci\u00f3n Civil Internacional, -OACI-, y para conocer los requerimientos de presupuesto para la continuidad del proyecto, que se espera que concluya en el mes de noviembre de 2026.<\/p><div class=\"elmet-contenido\" id=\"elmet-2498918132\"><div class=\"elmet-adlabel\">Anuncios<\/div><div style=\"margin-top: 20px;margin-right: 20px;margin-bottom: 20px;margin-left: 20px;\" id=\"elmet-4048376281\"><a href=\"https:\/\/www.facebook.com\/arrincuanantigua\/\" aria-label=\"cintillo-arrin-cual\"><img loading=\"lazy\" decoding=\"async\" src=\"https:\/\/elmetropolitano.com.gt\/es\/wp-content\/uploads\/2021\/11\/cintillo-arrin-cual-1.jpg\" alt=\"\"  srcset=\"https:\/\/elmetropolitano.com.gt\/es\/wp-content\/uploads\/2021\/11\/cintillo-arrin-cual-1.jpg 750w, https:\/\/elmetropolitano.com.gt\/es\/wp-content\/uploads\/2021\/11\/cintillo-arrin-cual-1-300x36.jpg 300w, https:\/\/elmetropolitano.com.gt\/es\/wp-content\/uploads\/2021\/11\/cintillo-arrin-cual-1-600x72.jpg 600w\" sizes=\"(max-width: 750px) 100vw, 750px\" width=\"750\" height=\"90\"   \/><\/a><\/div><\/div>\n\n\n\n<p>Se espera que el aeropuerto Los Altos, pueda recibir aeronaves de entre 20 y 30 pasajeros, por lo que es necesario realizar esfuerzos para mejorar la infraestructura y fomentar el verdadero desarrollo econ\u00f3mico para todos los quetzaltecos, por lo que el Diputado Rodr\u00edguez continuar\u00e1 trabajando durante estos 19 meses, llevando a cabo las coordinaciones interinstitucionales para agilizar el trabajo.<\/p>\n\n\n\n<p><a href=\"https:\/\/www.facebook.com\/hashtag\/xela?__eep__=6&amp;__cft__[0]=AZWJ2BZWhDTWW6Lfw6iX2gPtuv4JeKvuM54LBqcQwmLaWh4skTltFNEQyGg1hnDfRFXd6lY1Zy1DgIwgG33KUNmuSaMziYIk8X99ZLxL9gC1Q1JDD9Kcw4IKiDfudi660atEYuakyowB_QNMjIlqENgTzSF_aeOjXyi-IVyZ1wxrjLWxyhc0Z68nZw-4vd6oPzU&amp;__tn__=*NK-R\">#Xela<\/a><a href=\"https:\/\/www.facebook.com\/hashtag\/aeropuerto?__eep__=6&amp;__cft__[0]=AZWJ2BZWhDTWW6Lfw6iX2gPtuv4JeKvuM54LBqcQwmLaWh4skTltFNEQyGg1hnDfRFXd6lY1Zy1DgIwgG33KUNmuSaMziYIk8X99ZLxL9gC1Q1JDD9Kcw4IKiDfudi660atEYuakyowB_QNMjIlqENgTzSF_aeOjXyi-IVyZ1wxrjLWxyhc0Z68nZw-4vd6oPzU&amp;__tn__=*NK-R\">#Aeropuerto<\/a><\/p>\n\n\n\n<figure class=\"wp-block-gallery has-nested-images columns-default is-cropped wp-block-gallery-1 is-layout-flex wp-block-gallery-is-layout-flex\">\n<figure class=\"wp-block-image size-large\"><img loading=\"lazy\" decoding=\"async\" width=\"1024\" height=\"682\" data-id=\"99582\" src=\"https:\/\/elmetropolitano.com.gt\/es\/wp-content\/uploads\/2025\/03\/485871071_1175795204546561_6272724387970049961_n-1024x682.jpg\" alt=\"\" class=\"wp-image-99582\" srcset=\"https:\/\/elmetropolitano.com.gt\/es\/wp-content\/uploads\/2025\/03\/485871071_1175795204546561_6272724387970049961_n-1024x682.jpg 1024w, https:\/\/elmetropolitano.com.gt\/es\/wp-content\/uploads\/2025\/03\/485871071_1175795204546561_6272724387970049961_n-300x200.jpg 300w, https:\/\/elmetropolitano.com.gt\/es\/wp-content\/uploads\/2025\/03\/485871071_1175795204546561_6272724387970049961_n-768x512.jpg 768w, https:\/\/elmetropolitano.com.gt\/es\/wp-content\/uploads\/2025\/03\/485871071_1175795204546561_6272724387970049961_n-1536x1023.jpg 1536w, https:\/\/elmetropolitano.com.gt\/es\/wp-content\/uploads\/2025\/03\/485871071_1175795204546561_6272724387970049961_n.jpg 1600w\" sizes=\"auto, (max-width: 1024px) 100vw, 1024px\" \/><\/figure>\n\n\n\n<figure class=\"wp-block-image size-large\"><img loading=\"lazy\" decoding=\"async\" width=\"1024\" height=\"682\" data-id=\"99579\" src=\"https:\/\/elmetropolitano.com.gt\/es\/wp-content\/uploads\/2025\/03\/485928459_1175795161213232_3674799233591644837_n-1-1024x682.jpg\" alt=\"\" class=\"wp-image-99579\" srcset=\"https:\/\/elmetropolitano.com.gt\/es\/wp-content\/uploads\/2025\/03\/485928459_1175795161213232_3674799233591644837_n-1-1024x682.jpg 1024w, https:\/\/elmetropolitano.com.gt\/es\/wp-content\/uploads\/2025\/03\/485928459_1175795161213232_3674799233591644837_n-1-300x200.jpg 300w, https:\/\/elmetropolitano.com.gt\/es\/wp-content\/uploads\/2025\/03\/485928459_1175795161213232_3674799233591644837_n-1-768x512.jpg 768w, https:\/\/elmetropolitano.com.gt\/es\/wp-content\/uploads\/2025\/03\/485928459_1175795161213232_3674799233591644837_n-1-1536x1023.jpg 1536w, https:\/\/elmetropolitano.com.gt\/es\/wp-content\/uploads\/2025\/03\/485928459_1175795161213232_3674799233591644837_n-1.jpg 1600w\" sizes=\"auto, (max-width: 1024px) 100vw, 1024px\" \/><\/figure>\n\n\n\n<figure class=\"wp-block-image size-large\"><img loading=\"lazy\" decoding=\"async\" width=\"1024\" height=\"682\" data-id=\"99581\" src=\"https:\/\/elmetropolitano.com.gt\/es\/wp-content\/uploads\/2025\/03\/485949150_1175795174546564_1812761608520048862_n-1024x682.jpg\" alt=\"\" class=\"wp-image-99581\" srcset=\"https:\/\/elmetropolitano.com.gt\/es\/wp-content\/uploads\/2025\/03\/485949150_1175795174546564_1812761608520048862_n-1024x682.jpg 1024w, https:\/\/elmetropolitano.com.gt\/es\/wp-content\/uploads\/2025\/03\/485949150_1175795174546564_1812761608520048862_n-300x200.jpg 300w, https:\/\/elmetropolitano.com.gt\/es\/wp-content\/uploads\/2025\/03\/485949150_1175795174546564_1812761608520048862_n-768x512.jpg 768w, https:\/\/elmetropolitano.com.gt\/es\/wp-content\/uploads\/2025\/03\/485949150_1175795174546564_1812761608520048862_n-1536x1023.jpg 1536w, https:\/\/elmetropolitano.com.gt\/es\/wp-content\/uploads\/2025\/03\/485949150_1175795174546564_1812761608520048862_n.jpg 1600w\" sizes=\"auto, (max-width: 1024px) 100vw, 1024px\" \/><\/figure>\n\n\n\n<figure class=\"wp-block-image size-large\"><img loading=\"lazy\" decoding=\"async\" width=\"1024\" height=\"682\" data-id=\"99580\" src=\"https:\/\/elmetropolitano.com.gt\/es\/wp-content\/uploads\/2025\/03\/485953175_1175795211213227_8258620533630749935_n-1024x682.jpg\" alt=\"\" class=\"wp-image-99580\" srcset=\"https:\/\/elmetropolitano.com.gt\/es\/wp-content\/uploads\/2025\/03\/485953175_1175795211213227_8258620533630749935_n-1024x682.jpg 1024w, https:\/\/elmetropolitano.com.gt\/es\/wp-content\/uploads\/2025\/03\/485953175_1175795211213227_8258620533630749935_n-300x200.jpg 300w, https:\/\/elmetropolitano.com.gt\/es\/wp-content\/uploads\/2025\/03\/485953175_1175795211213227_8258620533630749935_n-768x512.jpg 768w, https:\/\/elmetropolitano.com.gt\/es\/wp-content\/uploads\/2025\/03\/485953175_1175795211213227_8258620533630749935_n-1536x1023.jpg 1536w, https:\/\/elmetropolitano.com.gt\/es\/wp-content\/uploads\/2025\/03\/485953175_1175795211213227_8258620533630749935_n.jpg 1600w\" sizes=\"auto, (max-width: 1024px) 100vw, 1024px\" \/><\/figure>\n<\/figure>\n","protected":false},"excerpt":{"rendered":"<p>El Diputado Byron Rodr\u00edguez representante distrital de Quetzaltenango y Subjefe del Bloque Legislativo TODOS se hizo presente en la nueva reuni\u00f3n de la Mesa T\u00e9cnica para la habilitaci\u00f3n del aeropuerto de Quetzaltenango en categor\u00eda internacional, que est\u00e1 conformada de manera interinstitucional, con autoridades de Aeron\u00e1utica Civil y el Ministerio de Comunicaciones, Infraestructura y Vivienda, entre <a class=\"read-more\" href=\"https:\/\/elmetropolitano.com.gt\/es\/inicia-plan-para-habilitar-el-aeropuerto-de-xela-en-categoria-internacional\/\">Leer m\u00e1s<\/a><\/p>\n","protected":false},"author":1,"featured_media":99578,"comment_status":"open","ping_status":"closed","sticky":false,"template":"","format":"standard","meta":{"footnotes":""},"categories":[4],"tags":[13],"class_list":["post-99577","post","type-post","status-publish","format-standard","has-post-thumbnail","hentry","category-departamentales","tag-departamentales"],"_links":{"self":[{"href":"https:\/\/elmetropolitano.com.gt\/es\/wp-json\/wp\/v2\/posts\/99577","targetHints":{"allow":["GET"]}}],"collection":[{"href":"https:\/\/elmetropolitano.com.gt\/es\/wp-json\/wp\/v2\/posts"}],"about":[{"href":"https:\/\/elmetropolitano.com.gt\/es\/wp-json\/wp\/v2\/types\/post"}],"author":[{"embeddable":true,"href":"https:\/\/elmetropolitano.com.gt\/es\/wp-json\/wp\/v2\/users\/1"}],"replies":[{"embeddable":true,"href":"https:\/\/elmetropolitano.com.gt\/es\/wp-json\/wp\/v2\/comments?post=99577"}],"version-history":[{"count":1,"href":"https:\/\/elmetropolitano.com.gt\/es\/wp-json\/wp\/v2\/posts\/99577\/revisions"}],"predecessor-version":[{"id":99583,"href":"https:\/\/elmetropolitano.com.gt\/es\/wp-json\/wp\/v2\/posts\/99577\/revisions\/99583"}],"wp:featuredmedia":[{"embeddable":true,"href":"https:\/\/elmetropolitano.com.gt\/es\/wp-json\/wp\/v2\/media\/99578"}],"wp:attachment":[{"href":"https:\/\/elmetropolitano.com.gt\/es\/wp-json\/wp\/v2\/media?parent=99577"}],"wp:term":[{"taxonomy":"category","embeddable":true,"href":"https:\/\/elmetropolitano.com.gt\/es\/wp-json\/wp\/v2\/categories?post=99577"},{"taxonomy":"post_tag","embeddable":true,"href":"https:\/\/elmetropolitano.com.gt\/es\/wp-json\/wp\/v2\/tags?post=99577"}],"curies":[{"name":"wp","href":"https:\/\/api.w.org\/{rel}","templated":true}]}}