{"id":99584,"date":"2025-03-22T10:44:31","date_gmt":"2025-03-22T16:44:31","guid":{"rendered":"https:\/\/elmetropolitano.com.gt\/es\/?p=99584"},"modified":"2025-03-22T10:44:32","modified_gmt":"2025-03-22T16:44:32","slug":"por-discusion-vial-guardia-de-seguridad-privada-hiere-a-piloto-pnc-lo-captura-inmediatamente","status":"publish","type":"post","link":"https:\/\/elmetropolitano.com.gt\/es\/por-discusion-vial-guardia-de-seguridad-privada-hiere-a-piloto-pnc-lo-captura-inmediatamente\/","title":{"rendered":"Por discusi\u00f3n vial guardia de seguridad privada hiere a piloto, PNC lo captura inmediatamente"},"content":{"rendered":"\n<p>Agentes de la Polic\u00eda Nacional Civil PNC de la Subestaci\u00f3n de Pal\u00edn, Escuintla, que realizaban patrullajes de seguridad ciudadana observaron en el kil\u00f3metro 39 de la CA-9 Sur ruta antigua a Pal\u00edn, a un guardia de seguridad privada de la empresa Especial en Log\u00edstica y Seguridad que le hab\u00eda causado una herida de proyectil de arma de fuego a un hombre.<\/p>\n\n\n\n<p>Los <a><\/a>polic\u00edas, resguardan el \u00e1rea e identifican al guardia como Geovany Garc\u00eda Caal de 22 a\u00f1os, quien portaba una escopeta, marca Pardus, calibre 12 y 3 cartuchos, arma con su tenencia; la persona herida es C\u00e9sar Zepeda, de 50 a\u00f1os, quien fue trasladado al IGSS de Pal\u00edn, seg\u00fan diagnostico presentes m\u00faltiples heridas de perdig\u00f3n en el pie izquierdo quedando internado.<\/p><div class=\"elmet-contenido\" id=\"elmet-4019756013\"><div class=\"elmet-adlabel\">Anuncios<\/div><div style=\"margin-top: 20px;margin-right: 20px;margin-bottom: 20px;margin-left: 20px;\" id=\"elmet-3050697924\"><a href=\"https:\/\/www.facebook.com\/arrincuanantigua\/\" aria-label=\"cintillo-arrin-cual\"><img loading=\"lazy\" decoding=\"async\" src=\"https:\/\/elmetropolitano.com.gt\/es\/wp-content\/uploads\/2021\/11\/cintillo-arrin-cual-1.jpg\" alt=\"\"  srcset=\"https:\/\/elmetropolitano.com.gt\/es\/wp-content\/uploads\/2021\/11\/cintillo-arrin-cual-1.jpg 750w, https:\/\/elmetropolitano.com.gt\/es\/wp-content\/uploads\/2021\/11\/cintillo-arrin-cual-1-300x36.jpg 300w, https:\/\/elmetropolitano.com.gt\/es\/wp-content\/uploads\/2021\/11\/cintillo-arrin-cual-1-600x72.jpg 600w\" sizes=\"(max-width: 750px) 100vw, 750px\" width=\"750\" height=\"90\"   \/><\/a><\/div><\/div>\n\n\n\n<p>Seg\u00fan investigaci\u00f3n preliminar, Geovany Caal, prestaba servicio de seguridad al cami\u00f3n con placa C-936BNL, marca Hino, y por alguna situaci\u00f3n que se averigua inician una discusi\u00f3n por el derecho de v\u00eda con C\u00e9sar Zepeda quien conduc\u00eda el cabezal C-750BXV, por la discusi\u00f3n acalorada el guardia seguridad dispara su arma de fuego en contra de Zepeda.<\/p>\n\n\n\n<p><a href=\"https:\/\/www.facebook.com\/hashtag\/ministeriodegogernacion?__eep__=6&amp;__cft__[0]=AZVQENYkEUvXkm8FfazmVygd0kBhn_xKlsDWDlGe1v2znFWgWjpTlUtLMIshvil6VUTkqseTdnH9FHvBJv7H469c1iW86QmfGx2oYIRl8FMAjDfpiC4VeteobO5qS2yKf0ad3aZQ2scm4EDd8lgJcuUjImJo5OA131WFvWDVCC0wrDk1r_89nKV9Qd-eBF1JKOc&amp;__tn__=*NK-R\">#MinisterioDeGogernacion<\/a> <a href=\"https:\/\/www.facebook.com\/hashtag\/laseguridadeshoy?__eep__=6&amp;__cft__[0]=AZVQENYkEUvXkm8FfazmVygd0kBhn_xKlsDWDlGe1v2znFWgWjpTlUtLMIshvil6VUTkqseTdnH9FHvBJv7H469c1iW86QmfGx2oYIRl8FMAjDfpiC4VeteobO5qS2yKf0ad3aZQ2scm4EDd8lgJcuUjImJo5OA131WFvWDVCC0wrDk1r_89nKV9Qd-eBF1JKOc&amp;__tn__=*NK-R\">#LaSeguridadEsHoy<\/a><a href=\"https:\/\/www.facebook.com\/hashtag\/palin?__eep__=6&amp;__cft__[0]=AZVQENYkEUvXkm8FfazmVygd0kBhn_xKlsDWDlGe1v2znFWgWjpTlUtLMIshvil6VUTkqseTdnH9FHvBJv7H469c1iW86QmfGx2oYIRl8FMAjDfpiC4VeteobO5qS2yKf0ad3aZQ2scm4EDd8lgJcuUjImJo5OA131WFvWDVCC0wrDk1r_89nKV9Qd-eBF1JKOc&amp;__tn__=*NK-R\">#Palin<\/a>  <a href=\"https:\/\/www.facebook.com\/hashtag\/pncdeguatemala?__eep__=6&amp;__cft__[0]=AZVQENYkEUvXkm8FfazmVygd0kBhn_xKlsDWDlGe1v2znFWgWjpTlUtLMIshvil6VUTkqseTdnH9FHvBJv7H469c1iW86QmfGx2oYIRl8FMAjDfpiC4VeteobO5qS2yKf0ad3aZQ2scm4EDd8lgJcuUjImJo5OA131WFvWDVCC0wrDk1r_89nKV9Qd-eBF1JKOc&amp;__tn__=*NK-R\">#PNCdeGuatemala<\/a><a href=\"https:\/\/www.facebook.com\/hashtag\/metroredes?__eep__=6&amp;__cft__[0]=AZVQENYkEUvXkm8FfazmVygd0kBhn_xKlsDWDlGe1v2znFWgWjpTlUtLMIshvil6VUTkqseTdnH9FHvBJv7H469c1iW86QmfGx2oYIRl8FMAjDfpiC4VeteobO5qS2yKf0ad3aZQ2scm4EDd8lgJcuUjImJo5OA131WFvWDVCC0wrDk1r_89nKV9Qd-eBF1JKOc&amp;__tn__=*NK-R\">#metroredes<\/a><\/p>\n\n\n\n<figure class=\"wp-block-gallery has-nested-images columns-default is-cropped wp-block-gallery-1 is-layout-flex wp-block-gallery-is-layout-flex\">\n<figure class=\"wp-block-image size-large\"><img loading=\"lazy\" decoding=\"async\" width=\"1024\" height=\"909\" data-id=\"99589\" src=\"https:\/\/elmetropolitano.com.gt\/es\/wp-content\/uploads\/2025\/03\/480964311_1175801464545935_7824683824913905342_n-1024x909.jpg\" alt=\"\" class=\"wp-image-99589\" srcset=\"https:\/\/elmetropolitano.com.gt\/es\/wp-content\/uploads\/2025\/03\/480964311_1175801464545935_7824683824913905342_n-1024x909.jpg 1024w, https:\/\/elmetropolitano.com.gt\/es\/wp-content\/uploads\/2025\/03\/480964311_1175801464545935_7824683824913905342_n-300x266.jpg 300w, https:\/\/elmetropolitano.com.gt\/es\/wp-content\/uploads\/2025\/03\/480964311_1175801464545935_7824683824913905342_n-768x682.jpg 768w, https:\/\/elmetropolitano.com.gt\/es\/wp-content\/uploads\/2025\/03\/480964311_1175801464545935_7824683824913905342_n.jpg 1200w\" sizes=\"auto, (max-width: 1024px) 100vw, 1024px\" \/><\/figure>\n\n\n\n<figure class=\"wp-block-image size-large\"><img loading=\"lazy\" decoding=\"async\" width=\"794\" height=\"1024\" data-id=\"99586\" src=\"https:\/\/elmetropolitano.com.gt\/es\/wp-content\/uploads\/2025\/03\/482269305_1175801457879269_2509212121631207889_n-794x1024.jpg\" alt=\"\" class=\"wp-image-99586\" srcset=\"https:\/\/elmetropolitano.com.gt\/es\/wp-content\/uploads\/2025\/03\/482269305_1175801457879269_2509212121631207889_n-794x1024.jpg 794w, https:\/\/elmetropolitano.com.gt\/es\/wp-content\/uploads\/2025\/03\/482269305_1175801457879269_2509212121631207889_n-233x300.jpg 233w, https:\/\/elmetropolitano.com.gt\/es\/wp-content\/uploads\/2025\/03\/482269305_1175801457879269_2509212121631207889_n-768x990.jpg 768w, https:\/\/elmetropolitano.com.gt\/es\/wp-content\/uploads\/2025\/03\/482269305_1175801457879269_2509212121631207889_n.jpg 799w\" sizes=\"auto, (max-width: 794px) 100vw, 794px\" \/><\/figure>\n\n\n\n<figure class=\"wp-block-image size-large\"><img loading=\"lazy\" decoding=\"async\" width=\"811\" height=\"542\" data-id=\"99587\" src=\"https:\/\/elmetropolitano.com.gt\/es\/wp-content\/uploads\/2025\/03\/485382364_1175801144545967_6746776945234499898_n.jpg\" alt=\"\" class=\"wp-image-99587\" srcset=\"https:\/\/elmetropolitano.com.gt\/es\/wp-content\/uploads\/2025\/03\/485382364_1175801144545967_6746776945234499898_n.jpg 811w, https:\/\/elmetropolitano.com.gt\/es\/wp-content\/uploads\/2025\/03\/485382364_1175801144545967_6746776945234499898_n-300x200.jpg 300w, https:\/\/elmetropolitano.com.gt\/es\/wp-content\/uploads\/2025\/03\/485382364_1175801144545967_6746776945234499898_n-768x513.jpg 768w\" sizes=\"auto, (max-width: 811px) 100vw, 811px\" \/><\/figure>\n\n\n\n<figure class=\"wp-block-image size-large\"><img loading=\"lazy\" decoding=\"async\" width=\"742\" height=\"496\" data-id=\"99590\" src=\"https:\/\/elmetropolitano.com.gt\/es\/wp-content\/uploads\/2025\/03\/486016532_1175801201212628_3205692654435412929_n-1.jpg\" alt=\"\" class=\"wp-image-99590\" srcset=\"https:\/\/elmetropolitano.com.gt\/es\/wp-content\/uploads\/2025\/03\/486016532_1175801201212628_3205692654435412929_n-1.jpg 742w, https:\/\/elmetropolitano.com.gt\/es\/wp-content\/uploads\/2025\/03\/486016532_1175801201212628_3205692654435412929_n-1-300x201.jpg 300w\" sizes=\"auto, (max-width: 742px) 100vw, 742px\" \/><\/figure>\n\n\n\n<figure class=\"wp-block-image size-large\"><img loading=\"lazy\" decoding=\"async\" width=\"809\" height=\"541\" data-id=\"99588\" src=\"https:\/\/elmetropolitano.com.gt\/es\/wp-content\/uploads\/2025\/03\/486033499_1175801101212638_3199092237323549219_n.jpg\" alt=\"\" class=\"wp-image-99588\" srcset=\"https:\/\/elmetropolitano.com.gt\/es\/wp-content\/uploads\/2025\/03\/486033499_1175801101212638_3199092237323549219_n.jpg 809w, https:\/\/elmetropolitano.com.gt\/es\/wp-content\/uploads\/2025\/03\/486033499_1175801101212638_3199092237323549219_n-300x201.jpg 300w, https:\/\/elmetropolitano.com.gt\/es\/wp-content\/uploads\/2025\/03\/486033499_1175801101212638_3199092237323549219_n-768x514.jpg 768w\" sizes=\"auto, (max-width: 809px) 100vw, 809px\" \/><\/figure>\n<\/figure>\n","protected":false},"excerpt":{"rendered":"<p>Agentes de la Polic\u00eda Nacional Civil PNC de la Subestaci\u00f3n de Pal\u00edn, Escuintla, que realizaban patrullajes de seguridad ciudadana observaron en el kil\u00f3metro 39 de la CA-9 Sur ruta antigua a Pal\u00edn, a un guardia de seguridad privada de la empresa Especial en Log\u00edstica y Seguridad que le hab\u00eda causado una herida de proyectil de <a class=\"read-more\" href=\"https:\/\/elmetropolitano.com.gt\/es\/por-discusion-vial-guardia-de-seguridad-privada-hiere-a-piloto-pnc-lo-captura-inmediatamente\/\">Leer m\u00e1s<\/a><\/p>\n","protected":false},"author":1,"featured_media":99585,"comment_status":"open","ping_status":"closed","sticky":false,"template":"","format":"standard","meta":{"footnotes":""},"categories":[4],"tags":[13],"class_list":["post-99584","post","type-post","status-publish","format-standard","has-post-thumbnail","hentry","category-departamentales","tag-departamentales"],"_links":{"self":[{"href":"https:\/\/elmetropolitano.com.gt\/es\/wp-json\/wp\/v2\/posts\/99584","targetHints":{"allow":["GET"]}}],"collection":[{"href":"https:\/\/elmetropolitano.com.gt\/es\/wp-json\/wp\/v2\/posts"}],"about":[{"href":"https:\/\/elmetropolitano.com.gt\/es\/wp-json\/wp\/v2\/types\/post"}],"author":[{"embeddable":true,"href":"https:\/\/elmetropolitano.com.gt\/es\/wp-json\/wp\/v2\/users\/1"}],"replies":[{"embeddable":true,"href":"https:\/\/elmetropolitano.com.gt\/es\/wp-json\/wp\/v2\/comments?post=99584"}],"version-history":[{"count":1,"href":"https:\/\/elmetropolitano.com.gt\/es\/wp-json\/wp\/v2\/posts\/99584\/revisions"}],"predecessor-version":[{"id":99591,"href":"https:\/\/elmetropolitano.com.gt\/es\/wp-json\/wp\/v2\/posts\/99584\/revisions\/99591"}],"wp:featuredmedia":[{"embeddable":true,"href":"https:\/\/elmetropolitano.com.gt\/es\/wp-json\/wp\/v2\/media\/99585"}],"wp:attachment":[{"href":"https:\/\/elmetropolitano.com.gt\/es\/wp-json\/wp\/v2\/media?parent=99584"}],"wp:term":[{"taxonomy":"category","embeddable":true,"href":"https:\/\/elmetropolitano.com.gt\/es\/wp-json\/wp\/v2\/categories?post=99584"},{"taxonomy":"post_tag","embeddable":true,"href":"https:\/\/elmetropolitano.com.gt\/es\/wp-json\/wp\/v2\/tags?post=99584"}],"curies":[{"name":"wp","href":"https:\/\/api.w.org\/{rel}","templated":true}]}}