{"id":99598,"date":"2025-03-22T12:23:32","date_gmt":"2025-03-22T18:23:32","guid":{"rendered":"https:\/\/elmetropolitano.com.gt\/es\/?p=99598"},"modified":"2025-03-22T12:23:32","modified_gmt":"2025-03-22T18:23:32","slug":"bukele-sostiene-que-solo-en-america-latina-los-carteles-controlan-los-gobiernos","status":"publish","type":"post","link":"https:\/\/elmetropolitano.com.gt\/es\/bukele-sostiene-que-solo-en-america-latina-los-carteles-controlan-los-gobiernos\/","title":{"rendered":"Bukele sostiene que solo en Am\u00e9rica Latina los c\u00e1rteles controlan los gobiernos"},"content":{"rendered":"\n<p>El presidente de El Salvador, Nayib Bukele, comparti\u00f3 un mensaje en el que cuestion\u00f3 la incapacidad que alegan algunos Estados latinoamericanos a la hora de controlar la delincuencia en sus territorios, luego de causar pol\u00e9mica con M\u00e9xico al hablar de sus pol\u00edticas de seguridad.<\/p>\n\n\n\n<p>\u00abYo creo que no hay Gobierno que no pueda eliminar la delincuencia\u00bb, afirm\u00f3 el mandatario salvadore\u00f1o en una disertaci\u00f3n a empresarios extranjeros compartidos este s\u00e1bado en sus redes sociales. \u00abEs absurdo. El leviat\u00e1n, el Estado siempre es m\u00e1s fuerte que cualquier organizaci\u00f3n criminal\u00bb, agreg\u00f3, poniendo como ejemplo las pol\u00edticas de seguridad de su administraci\u00f3n. \u00abNosotros lo demostramos. Era el pa\u00eds m\u00e1s inseguro del mundo y ahora es el m\u00e1s seguro del hemisferio\u00bb, declar\u00f3.<\/p><div class=\"elmet-contenido\" id=\"elmet-3271604762\"><div class=\"elmet-adlabel\">Anuncios<\/div><div style=\"margin-top: 20px;margin-right: 20px;margin-bottom: 20px;margin-left: 20px;\" id=\"elmet-2884429759\"><a href=\"https:\/\/www.facebook.com\/arrincuanantigua\/\" aria-label=\"cintillo-arrin-cual\"><img loading=\"lazy\" decoding=\"async\" src=\"https:\/\/elmetropolitano.com.gt\/es\/wp-content\/uploads\/2021\/11\/cintillo-arrin-cual-1.jpg\" alt=\"\"  srcset=\"https:\/\/elmetropolitano.com.gt\/es\/wp-content\/uploads\/2021\/11\/cintillo-arrin-cual-1.jpg 750w, https:\/\/elmetropolitano.com.gt\/es\/wp-content\/uploads\/2021\/11\/cintillo-arrin-cual-1-300x36.jpg 300w, https:\/\/elmetropolitano.com.gt\/es\/wp-content\/uploads\/2021\/11\/cintillo-arrin-cual-1-600x72.jpg 600w\" sizes=\"(max-width: 750px) 100vw, 750px\" width=\"750\" height=\"90\"   \/><\/a><\/div><\/div>\n\n\n\n<p>A continuaci\u00f3n, desminti\u00f3 que la falta de control estatal del territorio sea culpa de la droga o de la extensi\u00f3n, argumentando que en varios pa\u00edses con esas caracter\u00edsticas eso no ocurre. \u00abEn Latinoam\u00e9rica no podemos controlar el territorio. Tenemos que dejarles esa zona a los c\u00e1rteles, la otra a la organizaci\u00f3n criminal [\u2026] No puede ser. Algo tiene que estar mal\u00bb, asever\u00f3.<\/p>\n\n\n\n<p>\u00abEn Europa hay un consumo de drogas mucho mayor que el de Latinoam\u00e9rica. Much\u00edsimo mayor, [drogas] legales e ilegales. Y no hay c\u00e1rteles. [&#8230;] EE.UU., que es un pa\u00eds con mucha criminalidad, un pa\u00eds con muchos problemas de adicci\u00f3n a las drogas, de pobreza, etc., no tiene ni un solo mil\u00edmetro controlado por un cartel. [&#8230;] Y aqu\u00ed, en Latinoam\u00e9rica, controlan sectores grandes de M\u00e9xico, de Colombia y de Brasil\u00bb, se\u00f1al\u00f3 Bukele, sugiriendo que la situaci\u00f3n es as\u00ed porque los c\u00e1rteles est\u00e1n en el Gobierno.<\/p>\n\n\n\n<p>Roces con M\u00e9xico<\/p>\n\n\n\n<p>Esta semana, Bukele afirm\u00f3 que M\u00e9xico deber\u00eda aplicar una estrategia similar a la que \u00e9l lleva a cabo en El Salvador para mejorar sus \u00edndices de seguridad.<\/p>\n\n\n\n<p>\u00ab28 de los 32 estados de M\u00e9xico tienen una poblaci\u00f3n igual o menor a la de El Salvador. \u00bfPor qu\u00e9, entonces, no pueden resolver el tema de la seguridad en un solo estado con menos habitantes que El Salvador, teniendo los recursos de un pa\u00eds con 130 millones de habitantes? Resuelvan el tema de la seguridad en un estado primero, luego en el siguiente, y as\u00ed sucesivamente, hasta abarcar esos 28 estados\u00bb, escribi\u00f3 en su cuenta de X.<\/p>\n\n\n\n<p>La presidenta de M\u00e9xico, Claudia Sheinbaum, respondi\u00f3 este viernes a las cr\u00edticas en una conferencia de prensa. \u00abPedimos respeto para M\u00e9xico\u00bb, exclam\u00f3.<\/p>\n\n\n\n<p>\u00abNo voy a entrar en un debate con Bukele. La verdad, podr\u00edamos hacer todo un debate de la forma en que est\u00e1n afrontando esto\u00bb, agreg\u00f3 la mandataria al referirse a la pol\u00edtica de seguridad que se aplica en El Salvador y que ha recibido denuncias de organismos nacionales e internacionales por violaciones a los derechos humanos.<\/p>\n\n\n\n<p>Texto: Rt Noticias<\/p>\n\n\n\n<p>#carteles #bukele #metroredes <a href=\"http:\/\/www.elmetropolitano.com.gt\">www.elmetropolitano.com.gt<\/a> <a href=\"http:\/\/www.metroredes.com\">www.metroredes.com<\/a> <a href=\"http:\/\/www.elescuintleco.com\">www.elescuintleco.com<\/a><\/p>\n","protected":false},"excerpt":{"rendered":"<p>El presidente de El Salvador, Nayib Bukele, comparti\u00f3 un mensaje en el que cuestion\u00f3 la incapacidad que alegan algunos Estados latinoamericanos a la hora de controlar la delincuencia en sus territorios, luego de causar pol\u00e9mica con M\u00e9xico al hablar de sus pol\u00edticas de seguridad. \u00abYo creo que no hay Gobierno que no pueda eliminar la <a class=\"read-more\" href=\"https:\/\/elmetropolitano.com.gt\/es\/bukele-sostiene-que-solo-en-america-latina-los-carteles-controlan-los-gobiernos\/\">Leer m\u00e1s<\/a><\/p>\n","protected":false},"author":1,"featured_media":99599,"comment_status":"open","ping_status":"closed","sticky":false,"template":"","format":"standard","meta":{"footnotes":""},"categories":[14],"tags":[15],"class_list":["post-99598","post","type-post","status-publish","format-standard","has-post-thumbnail","hentry","category-internacionales","tag-internacionales"],"_links":{"self":[{"href":"https:\/\/elmetropolitano.com.gt\/es\/wp-json\/wp\/v2\/posts\/99598","targetHints":{"allow":["GET"]}}],"collection":[{"href":"https:\/\/elmetropolitano.com.gt\/es\/wp-json\/wp\/v2\/posts"}],"about":[{"href":"https:\/\/elmetropolitano.com.gt\/es\/wp-json\/wp\/v2\/types\/post"}],"author":[{"embeddable":true,"href":"https:\/\/elmetropolitano.com.gt\/es\/wp-json\/wp\/v2\/users\/1"}],"replies":[{"embeddable":true,"href":"https:\/\/elmetropolitano.com.gt\/es\/wp-json\/wp\/v2\/comments?post=99598"}],"version-history":[{"count":1,"href":"https:\/\/elmetropolitano.com.gt\/es\/wp-json\/wp\/v2\/posts\/99598\/revisions"}],"predecessor-version":[{"id":99600,"href":"https:\/\/elmetropolitano.com.gt\/es\/wp-json\/wp\/v2\/posts\/99598\/revisions\/99600"}],"wp:featuredmedia":[{"embeddable":true,"href":"https:\/\/elmetropolitano.com.gt\/es\/wp-json\/wp\/v2\/media\/99599"}],"wp:attachment":[{"href":"https:\/\/elmetropolitano.com.gt\/es\/wp-json\/wp\/v2\/media?parent=99598"}],"wp:term":[{"taxonomy":"category","embeddable":true,"href":"https:\/\/elmetropolitano.com.gt\/es\/wp-json\/wp\/v2\/categories?post=99598"},{"taxonomy":"post_tag","embeddable":true,"href":"https:\/\/elmetropolitano.com.gt\/es\/wp-json\/wp\/v2\/tags?post=99598"}],"curies":[{"name":"wp","href":"https:\/\/api.w.org\/{rel}","templated":true}]}}