{"id":99628,"date":"2025-03-23T15:00:19","date_gmt":"2025-03-23T21:00:19","guid":{"rendered":"https:\/\/elmetropolitano.com.gt\/es\/?p=99628"},"modified":"2025-03-23T15:00:21","modified_gmt":"2025-03-23T21:00:21","slug":"joven-atleta-feyzer-mendoza-fallecio-por-heridas-de-arma-blanca-en-la-colonia-el-ferrocarrilero","status":"publish","type":"post","link":"https:\/\/elmetropolitano.com.gt\/es\/joven-atleta-feyzer-mendoza-fallecio-por-heridas-de-arma-blanca-en-la-colonia-el-ferrocarrilero\/","title":{"rendered":"Joven Atleta Feyzer Mendoza falleci\u00f3 por heridas de arma blanca en la Colonia El Ferrocarrilero"},"content":{"rendered":"\n<p>La Noche de este s\u00e1bado fue asesinado con arma blanca el joven atleta Freyzer Mendoza en la Colonia Ferrocarrilero d\u00f3nde viv\u00eda<\/p>\n\n\n\n<p><a><\/a>Seg\u00fan la versi\u00f3n de vecinos eun hombre en estado de ebriedad discuti\u00f3 con el joven y lo agredi\u00f3 dej\u00e1ndolo gravemente herido, por lo que lo trasladaron de manera inmediata a un centro asistencial, d\u00f3nde minutos despu\u00e9s se confirm\u00f3 su muerte.<\/p><div class=\"elmet-contenido\" id=\"elmet-2860689455\"><div class=\"elmet-adlabel\">Anuncios<\/div><div style=\"margin-top: 20px;margin-right: 20px;margin-bottom: 20px;margin-left: 20px;\" id=\"elmet-1981295674\"><a href=\"https:\/\/www.facebook.com\/arrincuanantigua\/\" aria-label=\"cintillo-arrin-cual\"><img loading=\"lazy\" decoding=\"async\" src=\"https:\/\/elmetropolitano.com.gt\/es\/wp-content\/uploads\/2021\/11\/cintillo-arrin-cual-1.jpg\" alt=\"\"  srcset=\"https:\/\/elmetropolitano.com.gt\/es\/wp-content\/uploads\/2021\/11\/cintillo-arrin-cual-1.jpg 750w, https:\/\/elmetropolitano.com.gt\/es\/wp-content\/uploads\/2021\/11\/cintillo-arrin-cual-1-300x36.jpg 300w, https:\/\/elmetropolitano.com.gt\/es\/wp-content\/uploads\/2021\/11\/cintillo-arrin-cual-1-600x72.jpg 600w\" sizes=\"(max-width: 750px) 100vw, 750px\" width=\"750\" height=\"90\"   \/><\/a><\/div><\/div>\n\n\n\n<p>El COCODE de la colonia Ferrocarrilero dio la noticia de su fallecimiento y indic\u00f3 que ser\u00e1 velado el d\u00eda de ma\u00f1ana en el sal\u00f3n Inmer santizo de la colonia y dio su pesar a la familia<\/p>\n\n\n\n<p>En las redes hay diversas reacciones de pesar ya que era un joven muy reconocida en la Colonia Ferrocarrilero y se pide a las fuerzas de seguridad que den con el asesino del Atleta Mendoza<\/p>\n\n\n\n<p><a href=\"https:\/\/www.facebook.com\/hashtag\/violencia?__eep__=6&amp;__cft__[0]=AZXJ-0Gg5W4J3U4BrZ-48bYh9I6r189O-dGUtEQlFpqnkxr3fgizlR0AbldUqPSNX3jR393zKtflUZd8GVoZXztECzLk2xWrges2DUuP3zpIrFF-BVquFEL4Dh9oz_aqk0dgf4IERZ_ftOQct7QmBSHuEP5AAD9jNg86kh-nqfYfb9glvoQV80zd97RGlDGw2KY&amp;__tn__=*NK-R\">#Violencia<\/a><a href=\"https:\/\/www.facebook.com\/hashtag\/coloniaferrocarrilero?__eep__=6&amp;__cft__[0]=AZXJ-0Gg5W4J3U4BrZ-48bYh9I6r189O-dGUtEQlFpqnkxr3fgizlR0AbldUqPSNX3jR393zKtflUZd8GVoZXztECzLk2xWrges2DUuP3zpIrFF-BVquFEL4Dh9oz_aqk0dgf4IERZ_ftOQct7QmBSHuEP5AAD9jNg86kh-nqfYfb9glvoQV80zd97RGlDGw2KY&amp;__tn__=*NK-R\">#ColoniaFerrocarrilero<\/a><\/p>\n\n\n\n<figure class=\"wp-block-gallery has-nested-images columns-default is-cropped wp-block-gallery-1 is-layout-flex wp-block-gallery-is-layout-flex\">\n<figure class=\"wp-block-image size-large\"><img loading=\"lazy\" decoding=\"async\" width=\"369\" height=\"720\" data-id=\"99630\" src=\"https:\/\/elmetropolitano.com.gt\/es\/wp-content\/uploads\/2025\/03\/485379329_1176298184496263_2106040066011369239_n.jpg\" alt=\"\" class=\"wp-image-99630\" srcset=\"https:\/\/elmetropolitano.com.gt\/es\/wp-content\/uploads\/2025\/03\/485379329_1176298184496263_2106040066011369239_n.jpg 369w, https:\/\/elmetropolitano.com.gt\/es\/wp-content\/uploads\/2025\/03\/485379329_1176298184496263_2106040066011369239_n-154x300.jpg 154w\" sizes=\"auto, (max-width: 369px) 100vw, 369px\" \/><\/figure>\n\n\n\n<figure class=\"wp-block-image size-large\"><img loading=\"lazy\" decoding=\"async\" width=\"960\" height=\"956\" data-id=\"99632\" src=\"https:\/\/elmetropolitano.com.gt\/es\/wp-content\/uploads\/2025\/03\/485946104_1176298191162929_9029828908489239336_n-1.jpg\" alt=\"\" class=\"wp-image-99632\" srcset=\"https:\/\/elmetropolitano.com.gt\/es\/wp-content\/uploads\/2025\/03\/485946104_1176298191162929_9029828908489239336_n-1.jpg 960w, https:\/\/elmetropolitano.com.gt\/es\/wp-content\/uploads\/2025\/03\/485946104_1176298191162929_9029828908489239336_n-1-300x300.jpg 300w, https:\/\/elmetropolitano.com.gt\/es\/wp-content\/uploads\/2025\/03\/485946104_1176298191162929_9029828908489239336_n-1-150x150.jpg 150w, https:\/\/elmetropolitano.com.gt\/es\/wp-content\/uploads\/2025\/03\/485946104_1176298191162929_9029828908489239336_n-1-768x765.jpg 768w\" sizes=\"auto, (max-width: 960px) 100vw, 960px\" \/><\/figure>\n\n\n\n<figure class=\"wp-block-image size-large\"><img loading=\"lazy\" decoding=\"async\" width=\"720\" height=\"960\" data-id=\"99631\" src=\"https:\/\/elmetropolitano.com.gt\/es\/wp-content\/uploads\/2025\/03\/486019547_1176298227829592_2160260121650785153_n.jpg\" alt=\"\" class=\"wp-image-99631\" srcset=\"https:\/\/elmetropolitano.com.gt\/es\/wp-content\/uploads\/2025\/03\/486019547_1176298227829592_2160260121650785153_n.jpg 720w, https:\/\/elmetropolitano.com.gt\/es\/wp-content\/uploads\/2025\/03\/486019547_1176298227829592_2160260121650785153_n-225x300.jpg 225w\" sizes=\"auto, (max-width: 720px) 100vw, 720px\" \/><\/figure>\n<\/figure>\n","protected":false},"excerpt":{"rendered":"<p>La Noche de este s\u00e1bado fue asesinado con arma blanca el joven atleta Freyzer Mendoza en la Colonia Ferrocarrilero d\u00f3nde viv\u00eda Seg\u00fan la versi\u00f3n de vecinos eun hombre en estado de ebriedad discuti\u00f3 con el joven y lo agredi\u00f3 dej\u00e1ndolo gravemente herido, por lo que lo trasladaron de manera inmediata a un centro asistencial, d\u00f3nde <a class=\"read-more\" href=\"https:\/\/elmetropolitano.com.gt\/es\/joven-atleta-feyzer-mendoza-fallecio-por-heridas-de-arma-blanca-en-la-colonia-el-ferrocarrilero\/\">Leer m\u00e1s<\/a><\/p>\n","protected":false},"author":1,"featured_media":99629,"comment_status":"open","ping_status":"closed","sticky":false,"template":"","format":"standard","meta":{"footnotes":""},"categories":[4],"tags":[13],"class_list":["post-99628","post","type-post","status-publish","format-standard","has-post-thumbnail","hentry","category-departamentales","tag-departamentales"],"_links":{"self":[{"href":"https:\/\/elmetropolitano.com.gt\/es\/wp-json\/wp\/v2\/posts\/99628","targetHints":{"allow":["GET"]}}],"collection":[{"href":"https:\/\/elmetropolitano.com.gt\/es\/wp-json\/wp\/v2\/posts"}],"about":[{"href":"https:\/\/elmetropolitano.com.gt\/es\/wp-json\/wp\/v2\/types\/post"}],"author":[{"embeddable":true,"href":"https:\/\/elmetropolitano.com.gt\/es\/wp-json\/wp\/v2\/users\/1"}],"replies":[{"embeddable":true,"href":"https:\/\/elmetropolitano.com.gt\/es\/wp-json\/wp\/v2\/comments?post=99628"}],"version-history":[{"count":1,"href":"https:\/\/elmetropolitano.com.gt\/es\/wp-json\/wp\/v2\/posts\/99628\/revisions"}],"predecessor-version":[{"id":99633,"href":"https:\/\/elmetropolitano.com.gt\/es\/wp-json\/wp\/v2\/posts\/99628\/revisions\/99633"}],"wp:featuredmedia":[{"embeddable":true,"href":"https:\/\/elmetropolitano.com.gt\/es\/wp-json\/wp\/v2\/media\/99629"}],"wp:attachment":[{"href":"https:\/\/elmetropolitano.com.gt\/es\/wp-json\/wp\/v2\/media?parent=99628"}],"wp:term":[{"taxonomy":"category","embeddable":true,"href":"https:\/\/elmetropolitano.com.gt\/es\/wp-json\/wp\/v2\/categories?post=99628"},{"taxonomy":"post_tag","embeddable":true,"href":"https:\/\/elmetropolitano.com.gt\/es\/wp-json\/wp\/v2\/tags?post=99628"}],"curies":[{"name":"wp","href":"https:\/\/api.w.org\/{rel}","templated":true}]}}