{"id":99672,"date":"2025-03-24T13:52:04","date_gmt":"2025-03-24T19:52:04","guid":{"rendered":"https:\/\/elmetropolitano.com.gt\/es\/?p=99672"},"modified":"2025-03-24T13:52:05","modified_gmt":"2025-03-24T19:52:05","slug":"autopista-palin-escuintla-estara-habilitada-esta-semana-anuncia-ministro-miguel-diaz","status":"publish","type":"post","link":"https:\/\/elmetropolitano.com.gt\/es\/autopista-palin-escuintla-estara-habilitada-esta-semana-anuncia-ministro-miguel-diaz\/","title":{"rendered":"Autopista Pal\u00edn-Escuintla estar\u00e1 habilitada esta semana anuncia ministro Miguel D\u00edaz"},"content":{"rendered":"\n<p>La circulaci\u00f3n en la autopista Pal\u00edn-Escuintla se normalizar\u00e1 en los pr\u00f3ximos d\u00edas, luego de que concluyan los trabajos en el kil\u00f3metro 44, seg\u00fan anunci\u00f3 el ministro de Comunicaciones, Infraestructura y Vivienda, Miguel \u00c1ngel D\u00edaz Bobadilla.<\/p>\n\n\n\n<p>El funcionario comparti\u00f3 la informaci\u00f3n durante su participaci\u00f3n en La Ronda de la semana, en la que detall\u00f3 los avances alcanzados en este importante <a><\/a>tramo vial.<\/p><div class=\"elmet-contenido\" id=\"elmet-3247841111\"><div class=\"elmet-adlabel\">Anuncios<\/div><div style=\"margin-top: 20px;margin-right: 20px;margin-bottom: 20px;margin-left: 20px;\" id=\"elmet-1938015971\"><a href=\"https:\/\/www.facebook.com\/arrincuanantigua\/\" aria-label=\"cintillo-arrin-cual\"><img loading=\"lazy\" decoding=\"async\" src=\"https:\/\/elmetropolitano.com.gt\/es\/wp-content\/uploads\/2021\/11\/cintillo-arrin-cual-1.jpg\" alt=\"\"  srcset=\"https:\/\/elmetropolitano.com.gt\/es\/wp-content\/uploads\/2021\/11\/cintillo-arrin-cual-1.jpg 750w, https:\/\/elmetropolitano.com.gt\/es\/wp-content\/uploads\/2021\/11\/cintillo-arrin-cual-1-300x36.jpg 300w, https:\/\/elmetropolitano.com.gt\/es\/wp-content\/uploads\/2021\/11\/cintillo-arrin-cual-1-600x72.jpg 600w\" sizes=\"(max-width: 750px) 100vw, 750px\" width=\"750\" height=\"90\"   \/><\/a><\/div><\/div>\n\n\n\n<p>D\u00edaz Bobadilla explic\u00f3 que la visita de supervisi\u00f3n que se efectu\u00f3 ayer domingo 23 de marzo permiti\u00f3 constatar que ya se aplic\u00f3 la \u00faltima capa de asfalto en el carril n\u00famero cinco de la autopista. Con este avance se prev\u00e9 que durante la semana quede habilitada por completo la circulaci\u00f3n de todo tipo de veh\u00edculos en todos los carriles de la v\u00eda.<\/p>\n\n\n\n<p>Actualmente, el personal a cargo de la obra se encuentra finalizando la instalaci\u00f3n de los bordillos en el arriate central. Adem\u00e1s, se espera que la carpeta asf\u00e1ltica termine de liberar los qu\u00edmicos aplicados durante el proceso de colocaci\u00f3n, lo que permitir\u00e1 dar paso a la fase de se\u00f1alizaci\u00f3n correspondiente.<\/p>\n\n\n\n<p>Se\u00f1alizaci\u00f3n y limpieza complementar\u00e1n el proyecto<\/p>\n\n\n\n<p>Una vez que se culmine con la se\u00f1alizaci\u00f3n horizontal y vertical, el proyecto entrar\u00e1 en su etapa final, que consistir\u00e1 en desarrollar trabajos de limpieza en el \u00e1rea intervenida. La habilitaci\u00f3n total de la autopista est\u00e1 prevista para el final de esta semana, de acuerdo con lo expresado por el ministro.<\/p>\n\n\n\n<p>A pesar de la apertura, se recomienda a los conductores mantener la precauci\u00f3n al circular por el sector, ya que continuar\u00e1n las labores de marcaci\u00f3n y limpieza sobre la v\u00eda.<\/p>\n\n\n\n<p>La pronta habilitaci\u00f3n de este tramo antes del inicio de la Semana Santa representa un aporte significativo para el pa\u00eds, tanto en el \u00e1mbito econ\u00f3mico como tur\u00edstico. Esta carretera es una de las principales rutas de conexi\u00f3n hacia la regi\u00f3n de la costa sur, por lo que su funcionamiento ser\u00e1 vital para facilitar el tr\u00e1nsito de los miles de automovilistas que se desplazan en esta temporada hacia las playas y centros tur\u00edsticos de esa \u00e1rea.<\/p>\n\n\n\n<p>El ministro D\u00edaz Bobadilla reiter\u00f3 el compromiso de la cartera por mejorar la red vial nacional y garantizar la seguridad de los usuarios en cada proyecto ejecutado.<\/p>\n\n\n\n<p>Texto Lincy Rodr\u00edguez<\/p>\n\n\n\n<figure class=\"wp-block-gallery has-nested-images columns-default is-cropped wp-block-gallery-1 is-layout-flex wp-block-gallery-is-layout-flex\">\n<figure class=\"wp-block-image size-large\"><img loading=\"lazy\" decoding=\"async\" width=\"1024\" height=\"576\" data-id=\"99675\" src=\"https:\/\/elmetropolitano.com.gt\/es\/wp-content\/uploads\/2025\/03\/481247245_1177640921028656_2214732737586429554_n-1024x576.jpg\" alt=\"\" class=\"wp-image-99675\" srcset=\"https:\/\/elmetropolitano.com.gt\/es\/wp-content\/uploads\/2025\/03\/481247245_1177640921028656_2214732737586429554_n-1024x576.jpg 1024w, https:\/\/elmetropolitano.com.gt\/es\/wp-content\/uploads\/2025\/03\/481247245_1177640921028656_2214732737586429554_n-300x169.jpg 300w, https:\/\/elmetropolitano.com.gt\/es\/wp-content\/uploads\/2025\/03\/481247245_1177640921028656_2214732737586429554_n-768x432.jpg 768w, https:\/\/elmetropolitano.com.gt\/es\/wp-content\/uploads\/2025\/03\/481247245_1177640921028656_2214732737586429554_n-1536x864.jpg 1536w, https:\/\/elmetropolitano.com.gt\/es\/wp-content\/uploads\/2025\/03\/481247245_1177640921028656_2214732737586429554_n.jpg 1600w\" sizes=\"auto, (max-width: 1024px) 100vw, 1024px\" \/><\/figure>\n\n\n\n<figure class=\"wp-block-image size-large\"><img loading=\"lazy\" decoding=\"async\" width=\"768\" height=\"1024\" data-id=\"99676\" src=\"https:\/\/elmetropolitano.com.gt\/es\/wp-content\/uploads\/2025\/03\/485788856_1177640961028652_357327477523198939_n-1-768x1024.jpg\" alt=\"\" class=\"wp-image-99676\" srcset=\"https:\/\/elmetropolitano.com.gt\/es\/wp-content\/uploads\/2025\/03\/485788856_1177640961028652_357327477523198939_n-1-768x1024.jpg 768w, https:\/\/elmetropolitano.com.gt\/es\/wp-content\/uploads\/2025\/03\/485788856_1177640961028652_357327477523198939_n-1-225x300.jpg 225w, https:\/\/elmetropolitano.com.gt\/es\/wp-content\/uploads\/2025\/03\/485788856_1177640961028652_357327477523198939_n-1.jpg 945w\" sizes=\"auto, (max-width: 768px) 100vw, 768px\" \/><\/figure>\n\n\n\n<figure class=\"wp-block-image size-large\"><img loading=\"lazy\" decoding=\"async\" width=\"552\" height=\"736\" data-id=\"99674\" src=\"https:\/\/elmetropolitano.com.gt\/es\/wp-content\/uploads\/2025\/03\/485891084_1177640721028676_411324422096798994_n.jpg\" alt=\"\" class=\"wp-image-99674\" srcset=\"https:\/\/elmetropolitano.com.gt\/es\/wp-content\/uploads\/2025\/03\/485891084_1177640721028676_411324422096798994_n.jpg 552w, https:\/\/elmetropolitano.com.gt\/es\/wp-content\/uploads\/2025\/03\/485891084_1177640721028676_411324422096798994_n-225x300.jpg 225w\" sizes=\"auto, (max-width: 552px) 100vw, 552px\" \/><\/figure>\n\n\n\n<figure class=\"wp-block-image size-large\"><img loading=\"lazy\" decoding=\"async\" width=\"576\" height=\"1024\" data-id=\"99678\" src=\"https:\/\/elmetropolitano.com.gt\/es\/wp-content\/uploads\/2025\/03\/486230564_1177640914361990_1869717147996502314_n-576x1024.jpg\" alt=\"\" class=\"wp-image-99678\" srcset=\"https:\/\/elmetropolitano.com.gt\/es\/wp-content\/uploads\/2025\/03\/486230564_1177640914361990_1869717147996502314_n-576x1024.jpg 576w, https:\/\/elmetropolitano.com.gt\/es\/wp-content\/uploads\/2025\/03\/486230564_1177640914361990_1869717147996502314_n-169x300.jpg 169w, https:\/\/elmetropolitano.com.gt\/es\/wp-content\/uploads\/2025\/03\/486230564_1177640914361990_1869717147996502314_n-768x1365.jpg 768w, https:\/\/elmetropolitano.com.gt\/es\/wp-content\/uploads\/2025\/03\/486230564_1177640914361990_1869717147996502314_n-864x1536.jpg 864w, https:\/\/elmetropolitano.com.gt\/es\/wp-content\/uploads\/2025\/03\/486230564_1177640914361990_1869717147996502314_n.jpg 900w\" sizes=\"auto, (max-width: 576px) 100vw, 576px\" \/><\/figure>\n\n\n\n<figure class=\"wp-block-image size-large\"><img loading=\"lazy\" decoding=\"async\" width=\"576\" height=\"1024\" data-id=\"99677\" src=\"https:\/\/elmetropolitano.com.gt\/es\/wp-content\/uploads\/2025\/03\/486643756_1177640967695318_2043906349891188387_n-576x1024.jpg\" alt=\"\" class=\"wp-image-99677\" srcset=\"https:\/\/elmetropolitano.com.gt\/es\/wp-content\/uploads\/2025\/03\/486643756_1177640967695318_2043906349891188387_n-576x1024.jpg 576w, https:\/\/elmetropolitano.com.gt\/es\/wp-content\/uploads\/2025\/03\/486643756_1177640967695318_2043906349891188387_n-169x300.jpg 169w, https:\/\/elmetropolitano.com.gt\/es\/wp-content\/uploads\/2025\/03\/486643756_1177640967695318_2043906349891188387_n-768x1365.jpg 768w, https:\/\/elmetropolitano.com.gt\/es\/wp-content\/uploads\/2025\/03\/486643756_1177640967695318_2043906349891188387_n-864x1536.jpg 864w, https:\/\/elmetropolitano.com.gt\/es\/wp-content\/uploads\/2025\/03\/486643756_1177640967695318_2043906349891188387_n.jpg 900w\" sizes=\"auto, (max-width: 576px) 100vw, 576px\" \/><\/figure>\n<\/figure>\n","protected":false},"excerpt":{"rendered":"<p>La circulaci\u00f3n en la autopista Pal\u00edn-Escuintla se normalizar\u00e1 en los pr\u00f3ximos d\u00edas, luego de que concluyan los trabajos en el kil\u00f3metro 44, seg\u00fan anunci\u00f3 el ministro de Comunicaciones, Infraestructura y Vivienda, Miguel \u00c1ngel D\u00edaz Bobadilla. El funcionario comparti\u00f3 la informaci\u00f3n durante su participaci\u00f3n en La Ronda de la semana, en la que detall\u00f3 los avances <a class=\"read-more\" href=\"https:\/\/elmetropolitano.com.gt\/es\/autopista-palin-escuintla-estara-habilitada-esta-semana-anuncia-ministro-miguel-diaz\/\">Leer m\u00e1s<\/a><\/p>\n","protected":false},"author":1,"featured_media":99673,"comment_status":"open","ping_status":"closed","sticky":false,"template":"","format":"standard","meta":{"footnotes":""},"categories":[4],"tags":[13],"class_list":["post-99672","post","type-post","status-publish","format-standard","has-post-thumbnail","hentry","category-departamentales","tag-departamentales"],"_links":{"self":[{"href":"https:\/\/elmetropolitano.com.gt\/es\/wp-json\/wp\/v2\/posts\/99672","targetHints":{"allow":["GET"]}}],"collection":[{"href":"https:\/\/elmetropolitano.com.gt\/es\/wp-json\/wp\/v2\/posts"}],"about":[{"href":"https:\/\/elmetropolitano.com.gt\/es\/wp-json\/wp\/v2\/types\/post"}],"author":[{"embeddable":true,"href":"https:\/\/elmetropolitano.com.gt\/es\/wp-json\/wp\/v2\/users\/1"}],"replies":[{"embeddable":true,"href":"https:\/\/elmetropolitano.com.gt\/es\/wp-json\/wp\/v2\/comments?post=99672"}],"version-history":[{"count":1,"href":"https:\/\/elmetropolitano.com.gt\/es\/wp-json\/wp\/v2\/posts\/99672\/revisions"}],"predecessor-version":[{"id":99679,"href":"https:\/\/elmetropolitano.com.gt\/es\/wp-json\/wp\/v2\/posts\/99672\/revisions\/99679"}],"wp:featuredmedia":[{"embeddable":true,"href":"https:\/\/elmetropolitano.com.gt\/es\/wp-json\/wp\/v2\/media\/99673"}],"wp:attachment":[{"href":"https:\/\/elmetropolitano.com.gt\/es\/wp-json\/wp\/v2\/media?parent=99672"}],"wp:term":[{"taxonomy":"category","embeddable":true,"href":"https:\/\/elmetropolitano.com.gt\/es\/wp-json\/wp\/v2\/categories?post=99672"},{"taxonomy":"post_tag","embeddable":true,"href":"https:\/\/elmetropolitano.com.gt\/es\/wp-json\/wp\/v2\/tags?post=99672"}],"curies":[{"name":"wp","href":"https:\/\/api.w.org\/{rel}","templated":true}]}}