{"id":99799,"date":"2025-03-26T17:43:11","date_gmt":"2025-03-26T23:43:11","guid":{"rendered":"https:\/\/elmetropolitano.com.gt\/es\/?p=99799"},"modified":"2025-03-26T17:43:12","modified_gmt":"2025-03-26T23:43:12","slug":"guatemala-un-terreno-fertil-para-la-inversion-inmobiliaria","status":"publish","type":"post","link":"https:\/\/elmetropolitano.com.gt\/es\/guatemala-un-terreno-fertil-para-la-inversion-inmobiliaria\/","title":{"rendered":"Guatemala, un terreno f\u00e9rtil para la inversi\u00f3n inmobiliaria"},"content":{"rendered":"\n<p>Guatemala es un pa\u00eds de muchas cualidades, con una econom\u00eda fuerte y din\u00e1mica. Por eso, como inversionista extranjero dedicado a la industria de la construcci\u00f3n, he apostado en los \u00faltimos diez a\u00f1os en el mercado inmobiliario local. Tanto desde mi perspectiva, as\u00ed como datos de estudios t\u00e9cnicos de la industria, confirman que este sector atraviesa por un buen momento.<\/p>\n\n\n\n<p>El <a><\/a>clima de negocios muestra que esta es una de las actividades econ\u00f3micas m\u00e1s constantes y sostenibles a lo largo del tiempo, con una participaci\u00f3n promedio entre el 4% al 5% del PIB,de acuerdo con la C\u00e1mara Guatemalteca de la Construcci\u00f3n (CGC).<\/p><div class=\"elmet-contenido\" id=\"elmet-3091551272\"><div class=\"elmet-adlabel\">Anuncios<\/div><div style=\"margin-top: 20px;margin-right: 20px;margin-bottom: 20px;margin-left: 20px;\" id=\"elmet-3602734627\"><a href=\"https:\/\/www.facebook.com\/arrincuanantigua\/\" aria-label=\"cintillo-arrin-cual\"><img loading=\"lazy\" decoding=\"async\" src=\"https:\/\/elmetropolitano.com.gt\/es\/wp-content\/uploads\/2021\/11\/cintillo-arrin-cual-1.jpg\" alt=\"\"  srcset=\"https:\/\/elmetropolitano.com.gt\/es\/wp-content\/uploads\/2021\/11\/cintillo-arrin-cual-1.jpg 750w, https:\/\/elmetropolitano.com.gt\/es\/wp-content\/uploads\/2021\/11\/cintillo-arrin-cual-1-300x36.jpg 300w, https:\/\/elmetropolitano.com.gt\/es\/wp-content\/uploads\/2021\/11\/cintillo-arrin-cual-1-600x72.jpg 600w\" sizes=\"(max-width: 750px) 100vw, 750px\" width=\"750\" height=\"90\"   \/><\/a><\/div><\/div>\n\n\n\n<p>Esta tendencia lo coloca en el cuarto lugar dentro de las principales actividades econ\u00f3micas del pa\u00eds. A este escenario, a\u00f1ado que el \u00cdndice de Confianza del sector construcci\u00f3n &#8211; medido por la CGC-se situ\u00f3 en78.23 puntos en noviembre del 2024. Esto indica que, a pesar de que hubo un decrecimiento, las expectativas han mejorados y se prev\u00e9 una recuperaci\u00f3n del sector y un crecimiento importante para el 2025.<\/p>\n\n\n\n<p>Salta a la vista el crecimiento vertiginoso en edificaciones verticales que ha tenido la ciudad capital. Aparte de que me gusta el pa\u00eds y su gente, por razones personales como de amistad, decid\u00ed aportar mi conocimiento y experiencia desde Unm\u00fcssig, un grupo empresarial<\/p>\n\n\n\n<p>con el que hemos contribuido en la transformaci\u00f3n urbana de nuestro pa\u00eds, Alemania, y ahora en Guatemala, con la firma Impulsa.<\/p>\n\n\n\n<p>En conjunto, hemos invertido en conjunto un estimado de US$50 millones en cinco proyectos inmobiliarios destinados a la vivienda vertical con un retorno de inversi\u00f3n positivo.<\/p>\n\n\n\n<p>Sin duda, hay condiciones adversas. La encuesta empresarial de la CGC detalla que son tres los factores que impactan en esta cifra: los precios de los materiales de construcci\u00f3n, los tr\u00e1mites y la incertidumbre pol\u00edtica. Le a\u00f1adir\u00eda que enfrentamos complicaciones con la mano de obra calificada, debido a la migraci\u00f3n.<\/p>\n\n\n\n<p>Contrasto este escenario desde mi experiencia. La incertidumbre pol\u00edtica no ha impactado en nuestra actividad constructiva.<\/p>\n\n\n\n<p>Sin embargo, hay oportunidades de mejora en la administraci\u00f3n municipal, como la necesidad urgente de cambios en la cultura de movilidad y uso del transporte p\u00fablico.<\/p>\n\n\n\n<p>Falta mucho por hacer. Por eso, he manifestado mi inter\u00e9s en<\/p>\n\n\n\n<p>involucrarme en proyectos de infraestructura que contribuyan a mejorar esta problem\u00e1tica para los cerca de 3 millones de sus habitantes que d\u00eda a d\u00eda se trasladan a la urbe m\u00e1s importante de la regi\u00f3n centroamericana. De acuerdo con el Plan de Ordenamiento Territorial Municipal (2006) es una poblaci\u00f3n que ha crecido m\u00e1s en la \u00faltima d\u00e9cada que en toda su historia previa. Y el ritmo de crecimiento sigue su curso.<\/p>\n\n\n\n<p>Es por ello por lo que el boom inmobiliario y la alta demanda de vivienda en la ciudad de Guatemala demandan condiciones y planes para favorecer una transformaci\u00f3n ordenada de esta metr\u00f3poli y, por ende, se traduzca en una mejora en la calidad de vida de sus habitantes. Por eso, veo en Guatemala un escenario favorable por el que vale la pena apostar.<\/p>\n\n\n\n<p><a href=\"https:\/\/www.facebook.com\/hashtag\/viviendaparatodos?__eep__=6&amp;__cft__[0]=AZXNE6jjKqZrtyWOgAN9Fe8d56lIz4T5rcsLT0dRarYML311E_xiULTa-63kclTTipdR0CXF2pCE1899Jpjgx5eU9JG29-4eElUoo3bcNWH3JUYKXtvvEZaEguRu3H7VaYBl8l7XX-ymmNSsGLaxm7kB-J3BAG6ZD_6wHWiVRe5akndkLXhCcZvoUXB9zA1JbbU&amp;__tn__=*NK-R\">#ViviendaParaTodos<\/a><a href=\"https:\/\/www.facebook.com\/hashtag\/metroredes?__eep__=6&amp;__cft__[0]=AZXNE6jjKqZrtyWOgAN9Fe8d56lIz4T5rcsLT0dRarYML311E_xiULTa-63kclTTipdR0CXF2pCE1899Jpjgx5eU9JG29-4eElUoo3bcNWH3JUYKXtvvEZaEguRu3H7VaYBl8l7XX-ymmNSsGLaxm7kB-J3BAG6ZD_6wHWiVRe5akndkLXhCcZvoUXB9zA1JbbU&amp;__tn__=*NK-R\">#metroredes<\/a> <a href=\"http:\/\/www.elmetropolitano.com.gt\/?fbclid=IwZXh0bgNhZW0CMTAAAR1TCE8pUrfBe8nabDmo3HiJ3F6eBGO0w2N-K0aenROa7a3tzzmV_DJVoOY_aem_xOWSfHoEoT8grTKkCPLhoA\" target=\"_blank\" rel=\"noreferrer noopener\">www.elmetropolitano.com.gt<\/a> <a href=\"https:\/\/l.facebook.com\/l.php?u=http%3A%2F%2Fwww.metroredes.com%2F%3Ffbclid%3DIwZXh0bgNhZW0CMTAAAR2xDPTvIX8QGsYbatv8xGYXGxl_Uwr6CjcIR_ISKVWNIjX6Fo45DBTnZto_aem_JoOCSi8lp1r1OAF5RNkiPg&amp;h=AT0xTpSk_4o9raIu3fH7zgz-TIo-fZ15E4M8YMtlfnhTQHUrQPWIeg6DrYJJkyPwTB-oupACjoYDd_lttUz3rhCztgn32ukvz5QIuXXbAzCS9EKk2648L1Jlcmf4BPui4X9njayyfr60tbGI&amp;__tn__=-UK-R&amp;c[0]=AT1HvN5zdlQ4EVz0jS_JH7AUvpaWVkv5qDQDLY1HEiMC5yp6mc3Sp6LE-KkVdW5tYH1lXygQljEWvo1tSKMTX11l2yv89jC7m1u6i2r79xaQNLFUjetuEgONYJr9NPJtuwuFt5Ez6I6Z9aEneBhnAXLjhBTwTBztUyDeO6XD1Hw7JOaujbqbb-YXKysQQm8QjJb-OSXILhh88G0xfDnrBpsJUsY\" target=\"_blank\" rel=\"noreferrer noopener\">www.metroredes.com<\/a><\/p>\n\n\n\n<p><a href=\"https:\/\/l.facebook.com\/l.php?u=http%3A%2F%2Fwww.elescuintleco.com.gt%2F%3Ffbclid%3DIwZXh0bgNhZW0CMTAAAR2uU6ZUPq__K5uAmpIwwFI5ikdOQ-oUPnu7Hq4UQIfF0lnQYw0EHlgq-uM_aem_2ijKcGgJCrU6Rhu8zgraDw&amp;h=AT3zbVyC8WZdxX0XTyUeFr4fy8qiagO77p36J6gAb-freRTqhc0LN2XdZOL_jD4d3BOWL5sCs6SLeZvcBKvIE0SiUdH_ViDoKqx5sHtTDQQttMGNENalhUzV4RSk7sOptKy9Gef7JMhfRLyI&amp;__tn__=-UK-R&amp;c[0]=AT1HvN5zdlQ4EVz0jS_JH7AUvpaWVkv5qDQDLY1HEiMC5yp6mc3Sp6LE-KkVdW5tYH1lXygQljEWvo1tSKMTX11l2yv89jC7m1u6i2r79xaQNLFUjetuEgONYJr9NPJtuwuFt5Ez6I6Z9aEneBhnAXLjhBTwTBztUyDeO6XD1Hw7JOaujbqbb-YXKysQQm8QjJb-OSXILhh88G0xfDnrBpsJUsY\" rel=\"noreferrer noopener\" target=\"_blank\">www.elescuintleco.com.gt<\/a><\/p>\n\n\n\n<p><\/p>\n","protected":false},"excerpt":{"rendered":"<p>Guatemala es un pa\u00eds de muchas cualidades, con una econom\u00eda fuerte y din\u00e1mica. Por eso, como inversionista extranjero dedicado a la industria de la construcci\u00f3n, he apostado en los \u00faltimos diez a\u00f1os en el mercado inmobiliario local. Tanto desde mi perspectiva, as\u00ed como datos de estudios t\u00e9cnicos de la industria, confirman que este sector atraviesa <a class=\"read-more\" href=\"https:\/\/elmetropolitano.com.gt\/es\/guatemala-un-terreno-fertil-para-la-inversion-inmobiliaria\/\">Leer m\u00e1s<\/a><\/p>\n","protected":false},"author":1,"featured_media":99800,"comment_status":"open","ping_status":"closed","sticky":false,"template":"","format":"standard","meta":{"footnotes":""},"categories":[21],"tags":[20],"class_list":["post-99799","post","type-post","status-publish","format-standard","has-post-thumbnail","hentry","category-economia","tag-economia"],"_links":{"self":[{"href":"https:\/\/elmetropolitano.com.gt\/es\/wp-json\/wp\/v2\/posts\/99799","targetHints":{"allow":["GET"]}}],"collection":[{"href":"https:\/\/elmetropolitano.com.gt\/es\/wp-json\/wp\/v2\/posts"}],"about":[{"href":"https:\/\/elmetropolitano.com.gt\/es\/wp-json\/wp\/v2\/types\/post"}],"author":[{"embeddable":true,"href":"https:\/\/elmetropolitano.com.gt\/es\/wp-json\/wp\/v2\/users\/1"}],"replies":[{"embeddable":true,"href":"https:\/\/elmetropolitano.com.gt\/es\/wp-json\/wp\/v2\/comments?post=99799"}],"version-history":[{"count":1,"href":"https:\/\/elmetropolitano.com.gt\/es\/wp-json\/wp\/v2\/posts\/99799\/revisions"}],"predecessor-version":[{"id":99801,"href":"https:\/\/elmetropolitano.com.gt\/es\/wp-json\/wp\/v2\/posts\/99799\/revisions\/99801"}],"wp:featuredmedia":[{"embeddable":true,"href":"https:\/\/elmetropolitano.com.gt\/es\/wp-json\/wp\/v2\/media\/99800"}],"wp:attachment":[{"href":"https:\/\/elmetropolitano.com.gt\/es\/wp-json\/wp\/v2\/media?parent=99799"}],"wp:term":[{"taxonomy":"category","embeddable":true,"href":"https:\/\/elmetropolitano.com.gt\/es\/wp-json\/wp\/v2\/categories?post=99799"},{"taxonomy":"post_tag","embeddable":true,"href":"https:\/\/elmetropolitano.com.gt\/es\/wp-json\/wp\/v2\/tags?post=99799"}],"curies":[{"name":"wp","href":"https:\/\/api.w.org\/{rel}","templated":true}]}}