{"id":99834,"date":"2025-03-27T09:16:06","date_gmt":"2025-03-27T15:16:06","guid":{"rendered":"https:\/\/elmetropolitano.com.gt\/es\/?p=99834"},"modified":"2025-03-27T09:16:07","modified_gmt":"2025-03-27T15:16:07","slug":"mineco-garantiza-abastecimiento-de-granos-basicos-con-importacion-de-frijol-y-maiz","status":"publish","type":"post","link":"https:\/\/elmetropolitano.com.gt\/es\/mineco-garantiza-abastecimiento-de-granos-basicos-con-importacion-de-frijol-y-maiz\/","title":{"rendered":"Mineco garantiza abastecimiento de granos b\u00e1sicos con importaci\u00f3n de frijol y ma\u00edz"},"content":{"rendered":"\n<p>El viceministro de Integraci\u00f3n y Comercio Exterior, del Ministerio de Econom\u00eda (Mineco), H\u00e9ctor Marroqu\u00edn, en la Ronda celebrada este 26 de marzo, comparti\u00f3 sobre los dos nuevos contingentes arancelarios para garantizar el abastecimiento de productos esenciales en el mercado nacional.<\/p>\n\n\n\n<p>El pasado lunes 24 de marzo se publicaron los acuerdos ministeriales 156-2025 y 158-2025 que autorizan las <a><\/a>importaciones con un 0 % de aranceles correspondientes a las fracciones arancelarias de frijol negro y ma\u00edz blanco.<\/p><div class=\"elmet-contenido\" id=\"elmet-1358740207\"><div class=\"elmet-adlabel\">Anuncios<\/div><div style=\"margin-top: 20px;margin-right: 20px;margin-bottom: 20px;margin-left: 20px;\" id=\"elmet-2729547186\"><a href=\"https:\/\/www.facebook.com\/arrincuanantigua\/\" aria-label=\"cintillo-arrin-cual\"><img loading=\"lazy\" decoding=\"async\" src=\"https:\/\/elmetropolitano.com.gt\/es\/wp-content\/uploads\/2021\/11\/cintillo-arrin-cual-1.jpg\" alt=\"\"  srcset=\"https:\/\/elmetropolitano.com.gt\/es\/wp-content\/uploads\/2021\/11\/cintillo-arrin-cual-1.jpg 750w, https:\/\/elmetropolitano.com.gt\/es\/wp-content\/uploads\/2021\/11\/cintillo-arrin-cual-1-300x36.jpg 300w, https:\/\/elmetropolitano.com.gt\/es\/wp-content\/uploads\/2021\/11\/cintillo-arrin-cual-1-600x72.jpg 600w\" sizes=\"(max-width: 750px) 100vw, 750px\" width=\"750\" height=\"90\"   \/><\/a><\/div><\/div>\n\n\n\n<p>El viceministro resalt\u00f3 que estas acciones son parte de los esfuerzos del Ministerio de Econom\u00eda que se implementan con el prop\u00f3sito de contribuir al bienestar de la poblaci\u00f3n y la estabilizaci\u00f3n de los precios en Guatemala.<\/p>\n\n\n\n<p>Imagen comercial de exportaciones<\/p>\n\n\n\n<p>El funcionario coment\u00f3 la presentaci\u00f3n de la nueva imagen comercial para promover las exportaciones de Guatemala en los diferentes mercados internacionales, que representa sostenibilidad, calidad e innovaci\u00f3n. Esto como una acci\u00f3n del Mineco para activar el plan de acci\u00f3n de promoci\u00f3n comercial 2025-2027 para apoyar a 70 empresas guatemaltecas en ferias internacionales.<\/p>\n\n\n\n<p>Adem\u00e1s, se realizaron 10 visitas de posicionamiento sectorial en mercados clave para el intercambio comercial de Guatemala con los mercados de Estados Unidos y la Uni\u00f3n Europea, especialmente en los sectores de agroindustria y los textiles y confecci\u00f3n.<\/p>\n\n\n\n<p>Estas acciones demuestran el compromiso del ministerio con el desarrollo econ\u00f3mico de Guatemala y la activaci\u00f3n del comercio internacional de empresas locales. El Mineco se compromete a continuar trabajando por y para la expansi\u00f3n del mercado guatemalteco.<\/p>\n\n\n\n<p>Texto: Mariana L\u00f3pez<\/p>\n\n\n\n<p><a href=\"https:\/\/www.facebook.com\/hashtag\/mineco?__eep__=6&amp;__cft__[0]=AZXlfnRLGKWRi6OdGb2YB-wq0itHua2RZUyX5_QXXnbPWRX1GP9nW-eNDR4XqWnXt1FEPM1DNyerLjpQ2ILmQ2WJunlF6IAzq6Mp4lwBC7MY0AxkB-NK6xhNkWM3nNqWe-eZqwY8qq93dHD8Skx1wSLNKIwDJGjMmCzuH9ww6WM2pP9WKcgiTYIVlSSyy8Vn3Nc&amp;__tn__=*NK-R\">#Mineco<\/a><a href=\"https:\/\/www.facebook.com\/hashtag\/elfinancierogt?__eep__=6&amp;__cft__[0]=AZXlfnRLGKWRi6OdGb2YB-wq0itHua2RZUyX5_QXXnbPWRX1GP9nW-eNDR4XqWnXt1FEPM1DNyerLjpQ2ILmQ2WJunlF6IAzq6Mp4lwBC7MY0AxkB-NK6xhNkWM3nNqWe-eZqwY8qq93dHD8Skx1wSLNKIwDJGjMmCzuH9ww6WM2pP9WKcgiTYIVlSSyy8Vn3Nc&amp;__tn__=*NK-R\">#elfinancierogt<\/a><\/p>\n","protected":false},"excerpt":{"rendered":"<p>El viceministro de Integraci\u00f3n y Comercio Exterior, del Ministerio de Econom\u00eda (Mineco), H\u00e9ctor Marroqu\u00edn, en la Ronda celebrada este 26 de marzo, comparti\u00f3 sobre los dos nuevos contingentes arancelarios para garantizar el abastecimiento de productos esenciales en el mercado nacional. El pasado lunes 24 de marzo se publicaron los acuerdos ministeriales 156-2025 y 158-2025 que <a class=\"read-more\" href=\"https:\/\/elmetropolitano.com.gt\/es\/mineco-garantiza-abastecimiento-de-granos-basicos-con-importacion-de-frijol-y-maiz\/\">Leer m\u00e1s<\/a><\/p>\n","protected":false},"author":1,"featured_media":99835,"comment_status":"open","ping_status":"closed","sticky":false,"template":"","format":"standard","meta":{"footnotes":""},"categories":[21],"tags":[20],"class_list":["post-99834","post","type-post","status-publish","format-standard","has-post-thumbnail","hentry","category-economia","tag-economia"],"_links":{"self":[{"href":"https:\/\/elmetropolitano.com.gt\/es\/wp-json\/wp\/v2\/posts\/99834","targetHints":{"allow":["GET"]}}],"collection":[{"href":"https:\/\/elmetropolitano.com.gt\/es\/wp-json\/wp\/v2\/posts"}],"about":[{"href":"https:\/\/elmetropolitano.com.gt\/es\/wp-json\/wp\/v2\/types\/post"}],"author":[{"embeddable":true,"href":"https:\/\/elmetropolitano.com.gt\/es\/wp-json\/wp\/v2\/users\/1"}],"replies":[{"embeddable":true,"href":"https:\/\/elmetropolitano.com.gt\/es\/wp-json\/wp\/v2\/comments?post=99834"}],"version-history":[{"count":1,"href":"https:\/\/elmetropolitano.com.gt\/es\/wp-json\/wp\/v2\/posts\/99834\/revisions"}],"predecessor-version":[{"id":99836,"href":"https:\/\/elmetropolitano.com.gt\/es\/wp-json\/wp\/v2\/posts\/99834\/revisions\/99836"}],"wp:featuredmedia":[{"embeddable":true,"href":"https:\/\/elmetropolitano.com.gt\/es\/wp-json\/wp\/v2\/media\/99835"}],"wp:attachment":[{"href":"https:\/\/elmetropolitano.com.gt\/es\/wp-json\/wp\/v2\/media?parent=99834"}],"wp:term":[{"taxonomy":"category","embeddable":true,"href":"https:\/\/elmetropolitano.com.gt\/es\/wp-json\/wp\/v2\/categories?post=99834"},{"taxonomy":"post_tag","embeddable":true,"href":"https:\/\/elmetropolitano.com.gt\/es\/wp-json\/wp\/v2\/tags?post=99834"}],"curies":[{"name":"wp","href":"https:\/\/api.w.org\/{rel}","templated":true}]}}